{"id":13355,"date":"2022-03-01T17:25:25","date_gmt":"2022-03-01T16:25:25","guid":{"rendered":"https:\/\/www.nzzone.ch\/?p=13355"},"modified":"2023-08-28T14:06:30","modified_gmt":"2023-08-28T12:06:30","slug":"cooperation-avec-le-groupe-corriere-del-ticino","status":"publish","type":"post","link":"https:\/\/www.nzzone.ch\/fr\/cooperation-avec-le-groupe-corriere-del-ticino\/","title":{"rendered":"Coop\u00e9ration avec le groupe Corriere del Ticino"},"content":{"rendered":"<p>[vc_row full_width=\u00a0\u00bbstretch_row\u00a0\u00bb css=\u00a0\u00bb.vc_custom_1613550599941{background-image: url(https:\/\/www.nzzone.ch\/wp-content\/uploads\/2021\/01\/bitmap.jpg?id=28) !important;background-position: center !important;background-repeat: no-repeat !important;background-size: cover !important;}\u00a0\u00bb][vc_column][vc_empty_space height=\u00a0\u00bb100px\u00a0\u00bb][vc_empty_space height=\u00a0\u00bb100px\u00a0\u00bb][\/vc_column][\/vc_row][vc_row][vc_column width=\u00a0\u00bb11\/12&Prime;][vc_column_text]<\/p>\n<h1>Coop\u00e9ration avec le groupe \u00abCorriere del Ticino\u00bb &#8211; NZZone \u00e9largit son offre \u00e0 la Suisse italienne<\/h1>\n<p>[\/vc_column_text][vc_column_text]Depuis f\u00e9vrier 2022, NZZone propose des titres de m\u00e9dias issus du portefeuille du groupe \u00abCorriere del Ticino\u00bb. La \u00abBusiness Combi\u00bb avec \u00abLe Temps\u00bb, bien connue et qui a fait ses preuves, offre une couverture de la Suisse romande. D\u00e9sormais, nous pouvons \u00e9galement couvrir le Tessin et offrir ainsi une port\u00e9e nationale dans des publications imprim\u00e9es de qualit\u00e9.[\/vc_column_text][\/vc_column][vc_column width=\u00a0\u00bb1\/12&Prime;][\/vc_column][\/vc_row][vc_row][vc_column width=\u00a0\u00bb1\/5&Prime;][\/vc_column][vc_column width=\u00a0\u00bb2\/3&Prime;][vc_separator color=\u00a0\u00bbcustom\u00a0\u00bb align=\u00a0\u00bbalign_left\u00a0\u00bb el_width=\u00a0\u00bb10&Prime; accent_color=\u00a0\u00bb#a36552&Prime;][vc_column_text]Le groupe \u00abCorriere del Ticino\u00bb est le premier groupe d\u2019\u00e9dition multim\u00e9dia de Suisse italienne et touche au total environ 85% de la population du Tessin.<\/p>\n<p>Le portefeuille autour des quotidiens et des hebdomadaires comprend les titres suivants:<\/p>\n<ul>\n<li>\u00abCorriere del Ticino\u00bb: Depuis plus d\u2019un si\u00e8cle, il est le principal quotidien suisse en langue italienne.<\/li>\n<li>\u00abLa Domenica\u00bb: Le journal du dimanche avec des reportages d\u00e9taill\u00e9s couvrant l\u2019ensemble du territoire cantonal.<\/li>\n<li>\u00abAgendaSette\u00bb: Le suppl\u00e9ment hebdomadaire du \u00abCorriere del Ticino\u00bb. Il traite de la culture et du divertissement avec un agenda d\u00e9taill\u00e9 des manifestations et le programme t\u00e9l\u00e9vis\u00e9 de la semaine.<\/li>\n<li>\u00abTessiner Zeitung\u00bb: Le seul journal de langue allemande au Tessin.<\/li>\n<\/ul>\n<p>[\/vc_column_text][vc_empty_space][vc_column_text]L\u2019offre abondante comprend \u00e9galement les magazines suivants:<\/p>\n<ul>\n<li>\u00abHUB\u00bb: Magazine mensuel sur papier glac\u00e9, publi\u00e9 dans le \u00abCorriere del Ticino\u00bb, consacr\u00e9 au style de vie du XXIe si\u00e8cle.<\/li>\n<li>\u00abIllustrazione Ticinese\u00bb: Mensuel s\u2019adressant aux lectrices et lecteurs du Tessin et de la Mesolcina et traitant des personnes, des lieux et des faits du territoire.<\/li>\n<li>\u00abMag\u00bb: Mensuel dont la th\u00e9matique est ax\u00e9e sur des int\u00e9r\u00eats communs tels que les moteurs, la nourriture &amp; le vin, la sant\u00e9 &amp; le bien-\u00eatre, la technologie, les finances, l\u2019habitat, l\u2019am\u00e9nagement &amp; les voyages.<\/li>\n<li>\u00abTicino Vino Wein\u00bb: Magazine trimestriel consacr\u00e9 aux plaisirs de la table et publi\u00e9 en italien ainsi qu\u2019en allemand. Il est joint au \u00abCorriere del Ticino\u00bb et au \u00abTessiner Zeitung\u00bb.<\/li>\n<\/ul>\n<p>[\/vc_column_text][vc_empty_space][vc_column_text]Nous nous r\u00e9jouissons de cette coop\u00e9ration avec le groupe \u00abCorriere del Ticino\u00a0\u00bb\u00bb et nous tenons \u00e0 votre disposition pour toute question.[\/vc_column_text][vc_row_inner][vc_column_inner width=\u00a0\u00bb1\/3&Prime;][vc_single_image image=\u00a0\u00bb21459&Prime; img_size=\u00a0\u00bbmedium\u00a0\u00bb][\/vc_column_inner][vc_column_inner width=\u00a0\u00bb1\/3&Prime;][vc_column_text]Carole Pochon<br \/>\nKey Account Manager Romandie<\/p>\n<p>+41 21 311 48 95<br \/>\n<a href=\"mailto:carole.pochon@nzzone.ch\">carole.pochon@nzzone.ch<\/a>[\/vc_column_text][\/vc_column_inner][vc_column_inner width=\u00a0\u00bb1\/3&Prime;][\/vc_column_inner][\/vc_row_inner][\/vc_column][\/vc_row][vc_row][vc_column][\/vc_column][\/vc_row]<\/p>\n","protected":false},"excerpt":{"rendered":"<p>NZZone \u00e9largit son offre \u00e0 la Suisse italienne.<\/p>\n","protected":false},"author":9,"featured_media":13558,"comment_status":"closed","ping_status":"open","sticky":false,"template":"","format":"standard","meta":{"_acf_changed":false,"content-type":"","footnotes":""},"categories":[75],"tags":[],"class_list":["post-13355","post","type-post","status-publish","format-standard","hentry","category-blog-fr"],"acf":[],"yoast_head":"<!-- This site is optimized with the Yoast SEO plugin v24.4 - https:\/\/yoast.com\/wordpress\/plugins\/seo\/ -->\n<title>Collaboration avec le groupe Corriere del Ticino - NZZone<\/title>\n<meta name=\"description\" content=\"NZZone \u00e9largit son offre \u00e0 la Suisse italienne. Avec Corriere del Ticino, nous couvrons \u00e9galement le Tessin. Cliquez ici pour en savoir plus.\" \/>\n<meta name=\"robots\" content=\"index, follow, max-snippet:-1, max-image-preview:large, max-video-preview:-1\" \/>\n<link rel=\"canonical\" href=\"https:\/\/www.nzzone.ch\/fr\/cooperation-avec-le-groupe-corriere-del-ticino\/\" \/>\n<meta property=\"og:locale\" content=\"fr_FR\" \/>\n<meta property=\"og:type\" content=\"article\" \/>\n<meta property=\"og:title\" content=\"Collaboration avec le groupe Corriere del Ticino - NZZone\" \/>\n<meta property=\"og:description\" content=\"NZZone \u00e9largit son offre \u00e0 la Suisse italienne. Avec Corriere del Ticino, nous couvrons \u00e9galement le Tessin. Cliquez ici pour en savoir plus.\" \/>\n<meta property=\"og:url\" content=\"https:\/\/www.nzzone.ch\/fr\/cooperation-avec-le-groupe-corriere-del-ticino\/\" \/>\n<meta property=\"og:site_name\" content=\"NZZone\" \/>\n<meta property=\"article:published_time\" content=\"2022-03-01T16:25:25+00:00\" \/>\n<meta property=\"article:modified_time\" content=\"2023-08-28T12:06:30+00:00\" \/>\n<meta property=\"og:image\" content=\"https:\/\/www.nzzone.ch\/wp-content\/uploads\/2022\/03\/NZZ-Corriere-del-ticino.png\" \/>\n\t<meta property=\"og:image:width\" content=\"1000\" \/>\n\t<meta property=\"og:image:height\" content=\"1000\" \/>\n\t<meta property=\"og:image:type\" content=\"image\/png\" \/>\n<meta name=\"author\" content=\"Laura Mullis\" \/>\n<meta name=\"twitter:card\" content=\"summary_large_image\" \/>\n<meta name=\"twitter:label1\" content=\"\u00c9crit par\" \/>\n\t<meta name=\"twitter:data1\" content=\"Laura Mullis\" \/>\n\t<meta name=\"twitter:label2\" content=\"Dur\u00e9e de lecture estim\u00e9e\" \/>\n\t<meta name=\"twitter:data2\" content=\"2 minutes\" \/>\n<script type=\"application\/ld+json\" class=\"yoast-schema-graph\">{\"@context\":\"https:\/\/schema.org\",\"@graph\":[{\"@type\":\"Article\",\"@id\":\"https:\/\/www.nzzone.ch\/fr\/cooperation-avec-le-groupe-corriere-del-ticino\/#article\",\"isPartOf\":{\"@id\":\"https:\/\/www.nzzone.ch\/fr\/cooperation-avec-le-groupe-corriere-del-ticino\/\"},\"author\":{\"name\":\"Laura Mullis\",\"@id\":\"https:\/\/www.nzzone.ch\/#\/schema\/person\/8eeedecce5fb06fd7897f2b77b2dfebe\"},\"headline\":\"Coop\u00e9ration avec le groupe Corriere del Ticino\",\"datePublished\":\"2022-03-01T16:25:25+00:00\",\"dateModified\":\"2023-08-28T12:06:30+00:00\",\"mainEntityOfPage\":{\"@id\":\"https:\/\/www.nzzone.ch\/fr\/cooperation-avec-le-groupe-corriere-del-ticino\/\"},\"wordCount\":531,\"publisher\":{\"@id\":\"https:\/\/www.nzzone.ch\/#organization\"},\"image\":{\"@id\":\"https:\/\/www.nzzone.ch\/fr\/cooperation-avec-le-groupe-corriere-del-ticino\/#primaryimage\"},\"thumbnailUrl\":\"https:\/\/www.nzzone.ch\/wp-content\/uploads\/2022\/03\/NZZ-Corriere-del-ticino.png\",\"articleSection\":[\"Blog\"],\"inLanguage\":\"fr-FR\"},{\"@type\":\"WebPage\",\"@id\":\"https:\/\/www.nzzone.ch\/fr\/cooperation-avec-le-groupe-corriere-del-ticino\/\",\"url\":\"https:\/\/www.nzzone.ch\/fr\/cooperation-avec-le-groupe-corriere-del-ticino\/\",\"name\":\"Collaboration avec le groupe Corriere del Ticino - NZZone\",\"isPartOf\":{\"@id\":\"https:\/\/www.nzzone.ch\/#website\"},\"primaryImageOfPage\":{\"@id\":\"https:\/\/www.nzzone.ch\/fr\/cooperation-avec-le-groupe-corriere-del-ticino\/#primaryimage\"},\"image\":{\"@id\":\"https:\/\/www.nzzone.ch\/fr\/cooperation-avec-le-groupe-corriere-del-ticino\/#primaryimage\"},\"thumbnailUrl\":\"https:\/\/www.nzzone.ch\/wp-content\/uploads\/2022\/03\/NZZ-Corriere-del-ticino.png\",\"datePublished\":\"2022-03-01T16:25:25+00:00\",\"dateModified\":\"2023-08-28T12:06:30+00:00\",\"description\":\"NZZone \u00e9largit son offre \u00e0 la Suisse italienne. Avec Corriere del Ticino, nous couvrons \u00e9galement le Tessin. Cliquez ici pour en savoir plus.\",\"breadcrumb\":{\"@id\":\"https:\/\/www.nzzone.ch\/fr\/cooperation-avec-le-groupe-corriere-del-ticino\/#breadcrumb\"},\"inLanguage\":\"fr-FR\",\"potentialAction\":[{\"@type\":\"ReadAction\",\"target\":[\"https:\/\/www.nzzone.ch\/fr\/cooperation-avec-le-groupe-corriere-del-ticino\/\"]}]},{\"@type\":\"ImageObject\",\"inLanguage\":\"fr-FR\",\"@id\":\"https:\/\/www.nzzone.ch\/fr\/cooperation-avec-le-groupe-corriere-del-ticino\/#primaryimage\",\"url\":\"https:\/\/www.nzzone.ch\/wp-content\/uploads\/2022\/03\/NZZ-Corriere-del-ticino.png\",\"contentUrl\":\"https:\/\/www.nzzone.ch\/wp-content\/uploads\/2022\/03\/NZZ-Corriere-del-ticino.png\",\"width\":1000,\"height\":1000},{\"@type\":\"BreadcrumbList\",\"@id\":\"https:\/\/www.nzzone.ch\/fr\/cooperation-avec-le-groupe-corriere-del-ticino\/#breadcrumb\",\"itemListElement\":[{\"@type\":\"ListItem\",\"position\":1,\"name\":\"Startseite\",\"item\":\"https:\/\/www.nzzone.ch\/fr\/\"},{\"@type\":\"ListItem\",\"position\":2,\"name\":\"Coop\u00e9ration avec le groupe Corriere del Ticino\"}]},{\"@type\":\"WebSite\",\"@id\":\"https:\/\/www.nzzone.ch\/#website\",\"url\":\"https:\/\/www.nzzone.ch\/\",\"name\":\"NZZone\",\"description\":\"premium \u2022 brand \u2022 advertising\",\"publisher\":{\"@id\":\"https:\/\/www.nzzone.ch\/#organization\"},\"potentialAction\":[{\"@type\":\"SearchAction\",\"target\":{\"@type\":\"EntryPoint\",\"urlTemplate\":\"https:\/\/www.nzzone.ch\/?s={search_term_string}\"},\"query-input\":{\"@type\":\"PropertyValueSpecification\",\"valueRequired\":true,\"valueName\":\"search_term_string\"}}],\"inLanguage\":\"fr-FR\"},{\"@type\":\"Organization\",\"@id\":\"https:\/\/www.nzzone.ch\/#organization\",\"name\":\"NZZone\",\"url\":\"https:\/\/www.nzzone.ch\/\",\"logo\":{\"@type\":\"ImageObject\",\"inLanguage\":\"fr-FR\",\"@id\":\"https:\/\/www.nzzone.ch\/#\/schema\/logo\/image\/\",\"url\":\"https:\/\/www.nzzone.ch\/wp-content\/uploads\/2024\/01\/cropped-NZZ-one-Logo.png\",\"contentUrl\":\"https:\/\/www.nzzone.ch\/wp-content\/uploads\/2024\/01\/cropped-NZZ-one-Logo.png\",\"width\":492,\"height\":135,\"caption\":\"NZZone\"},\"image\":{\"@id\":\"https:\/\/www.nzzone.ch\/#\/schema\/logo\/image\/\"}},{\"@type\":\"Person\",\"@id\":\"https:\/\/www.nzzone.ch\/#\/schema\/person\/8eeedecce5fb06fd7897f2b77b2dfebe\",\"name\":\"Laura Mullis\",\"url\":\"https:\/\/www.nzzone.ch\/fr\/author\/laura\/\"}]}<\/script>\n<!-- \/ Yoast SEO plugin. -->","yoast_head_json":{"title":"Collaboration avec le groupe Corriere del Ticino - NZZone","description":"NZZone \u00e9largit son offre \u00e0 la Suisse italienne. Avec Corriere del Ticino, nous couvrons \u00e9galement le Tessin. Cliquez ici pour en savoir plus.","robots":{"index":"index","follow":"follow","max-snippet":"max-snippet:-1","max-image-preview":"max-image-preview:large","max-video-preview":"max-video-preview:-1"},"canonical":"https:\/\/www.nzzone.ch\/fr\/cooperation-avec-le-groupe-corriere-del-ticino\/","og_locale":"fr_FR","og_type":"article","og_title":"Collaboration avec le groupe Corriere del Ticino - NZZone","og_description":"NZZone \u00e9largit son offre \u00e0 la Suisse italienne. Avec Corriere del Ticino, nous couvrons \u00e9galement le Tessin. Cliquez ici pour en savoir plus.","og_url":"https:\/\/www.nzzone.ch\/fr\/cooperation-avec-le-groupe-corriere-del-ticino\/","og_site_name":"NZZone","article_published_time":"2022-03-01T16:25:25+00:00","article_modified_time":"2023-08-28T12:06:30+00:00","og_image":[{"width":1000,"height":1000,"url":"https:\/\/www.nzzone.ch\/wp-content\/uploads\/2022\/03\/NZZ-Corriere-del-ticino.png","type":"image\/png"}],"author":"Laura Mullis","twitter_card":"summary_large_image","twitter_misc":{"\u00c9crit par":"Laura Mullis","Dur\u00e9e de lecture estim\u00e9e":"2 minutes"},"schema":{"@context":"https:\/\/schema.org","@graph":[{"@type":"Article","@id":"https:\/\/www.nzzone.ch\/fr\/cooperation-avec-le-groupe-corriere-del-ticino\/#article","isPartOf":{"@id":"https:\/\/www.nzzone.ch\/fr\/cooperation-avec-le-groupe-corriere-del-ticino\/"},"author":{"name":"Laura Mullis","@id":"https:\/\/www.nzzone.ch\/#\/schema\/person\/8eeedecce5fb06fd7897f2b77b2dfebe"},"headline":"Coop\u00e9ration avec le groupe Corriere del Ticino","datePublished":"2022-03-01T16:25:25+00:00","dateModified":"2023-08-28T12:06:30+00:00","mainEntityOfPage":{"@id":"https:\/\/www.nzzone.ch\/fr\/cooperation-avec-le-groupe-corriere-del-ticino\/"},"wordCount":531,"publisher":{"@id":"https:\/\/www.nzzone.ch\/#organization"},"image":{"@id":"https:\/\/www.nzzone.ch\/fr\/cooperation-avec-le-groupe-corriere-del-ticino\/#primaryimage"},"thumbnailUrl":"https:\/\/www.nzzone.ch\/wp-content\/uploads\/2022\/03\/NZZ-Corriere-del-ticino.png","articleSection":["Blog"],"inLanguage":"fr-FR"},{"@type":"WebPage","@id":"https:\/\/www.nzzone.ch\/fr\/cooperation-avec-le-groupe-corriere-del-ticino\/","url":"https:\/\/www.nzzone.ch\/fr\/cooperation-avec-le-groupe-corriere-del-ticino\/","name":"Collaboration avec le groupe Corriere del Ticino - NZZone","isPartOf":{"@id":"https:\/\/www.nzzone.ch\/#website"},"primaryImageOfPage":{"@id":"https:\/\/www.nzzone.ch\/fr\/cooperation-avec-le-groupe-corriere-del-ticino\/#primaryimage"},"image":{"@id":"https:\/\/www.nzzone.ch\/fr\/cooperation-avec-le-groupe-corriere-del-ticino\/#primaryimage"},"thumbnailUrl":"https:\/\/www.nzzone.ch\/wp-content\/uploads\/2022\/03\/NZZ-Corriere-del-ticino.png","datePublished":"2022-03-01T16:25:25+00:00","dateModified":"2023-08-28T12:06:30+00:00","description":"NZZone \u00e9largit son offre \u00e0 la Suisse italienne. Avec Corriere del Ticino, nous couvrons \u00e9galement le Tessin. Cliquez ici pour en savoir plus.","breadcrumb":{"@id":"https:\/\/www.nzzone.ch\/fr\/cooperation-avec-le-groupe-corriere-del-ticino\/#breadcrumb"},"inLanguage":"fr-FR","potentialAction":[{"@type":"ReadAction","target":["https:\/\/www.nzzone.ch\/fr\/cooperation-avec-le-groupe-corriere-del-ticino\/"]}]},{"@type":"ImageObject","inLanguage":"fr-FR","@id":"https:\/\/www.nzzone.ch\/fr\/cooperation-avec-le-groupe-corriere-del-ticino\/#primaryimage","url":"https:\/\/www.nzzone.ch\/wp-content\/uploads\/2022\/03\/NZZ-Corriere-del-ticino.png","contentUrl":"https:\/\/www.nzzone.ch\/wp-content\/uploads\/2022\/03\/NZZ-Corriere-del-ticino.png","width":1000,"height":1000},{"@type":"BreadcrumbList","@id":"https:\/\/www.nzzone.ch\/fr\/cooperation-avec-le-groupe-corriere-del-ticino\/#breadcrumb","itemListElement":[{"@type":"ListItem","position":1,"name":"Startseite","item":"https:\/\/www.nzzone.ch\/fr\/"},{"@type":"ListItem","position":2,"name":"Coop\u00e9ration avec le groupe Corriere del Ticino"}]},{"@type":"WebSite","@id":"https:\/\/www.nzzone.ch\/#website","url":"https:\/\/www.nzzone.ch\/","name":"NZZone","description":"premium \u2022 brand \u2022 advertising","publisher":{"@id":"https:\/\/www.nzzone.ch\/#organization"},"potentialAction":[{"@type":"SearchAction","target":{"@type":"EntryPoint","urlTemplate":"https:\/\/www.nzzone.ch\/?s={search_term_string}"},"query-input":{"@type":"PropertyValueSpecification","valueRequired":true,"valueName":"search_term_string"}}],"inLanguage":"fr-FR"},{"@type":"Organization","@id":"https:\/\/www.nzzone.ch\/#organization","name":"NZZone","url":"https:\/\/www.nzzone.ch\/","logo":{"@type":"ImageObject","inLanguage":"fr-FR","@id":"https:\/\/www.nzzone.ch\/#\/schema\/logo\/image\/","url":"https:\/\/www.nzzone.ch\/wp-content\/uploads\/2024\/01\/cropped-NZZ-one-Logo.png","contentUrl":"https:\/\/www.nzzone.ch\/wp-content\/uploads\/2024\/01\/cropped-NZZ-one-Logo.png","width":492,"height":135,"caption":"NZZone"},"image":{"@id":"https:\/\/www.nzzone.ch\/#\/schema\/logo\/image\/"}},{"@type":"Person","@id":"https:\/\/www.nzzone.ch\/#\/schema\/person\/8eeedecce5fb06fd7897f2b77b2dfebe","name":"Laura Mullis","url":"https:\/\/www.nzzone.ch\/fr\/author\/laura\/"}]}},"_links":{"self":[{"href":"https:\/\/www.nzzone.ch\/fr\/wp-json\/wp\/v2\/posts\/13355","targetHints":{"allow":["GET"]}}],"collection":[{"href":"https:\/\/www.nzzone.ch\/fr\/wp-json\/wp\/v2\/posts"}],"about":[{"href":"https:\/\/www.nzzone.ch\/fr\/wp-json\/wp\/v2\/types\/post"}],"author":[{"embeddable":true,"href":"https:\/\/www.nzzone.ch\/fr\/wp-json\/wp\/v2\/users\/9"}],"replies":[{"embeddable":true,"href":"https:\/\/www.nzzone.ch\/fr\/wp-json\/wp\/v2\/comments?post=13355"}],"version-history":[{"count":12,"href":"https:\/\/www.nzzone.ch\/fr\/wp-json\/wp\/v2\/posts\/13355\/revisions"}],"predecessor-version":[{"id":21642,"href":"https:\/\/www.nzzone.ch\/fr\/wp-json\/wp\/v2\/posts\/13355\/revisions\/21642"}],"wp:featuredmedia":[{"embeddable":true,"href":"https:\/\/www.nzzone.ch\/fr\/wp-json\/wp\/v2\/media\/13558"}],"wp:attachment":[{"href":"https:\/\/www.nzzone.ch\/fr\/wp-json\/wp\/v2\/media?parent=13355"}],"wp:term":[{"taxonomy":"category","embeddable":true,"href":"https:\/\/www.nzzone.ch\/fr\/wp-json\/wp\/v2\/categories?post=13355"},{"taxonomy":"post_tag","embeddable":true,"href":"https:\/\/www.nzzone.ch\/fr\/wp-json\/wp\/v2\/tags?post=13355"}],"curies":[{"name":"wp","href":"https:\/\/api.w.org\/{rel}","templated":true}]}}