{"id":31386,"date":"2024-12-04T14:08:42","date_gmt":"2024-12-04T13:08:42","guid":{"rendered":"https:\/\/www.nzzone.ch\/meet-the-team-pamela-beltrame\/"},"modified":"2024-12-05T14:23:21","modified_gmt":"2024-12-05T13:23:21","slug":"meet-the-team-pamela-beltrame","status":"publish","type":"post","link":"https:\/\/www.nzzone.ch\/fr\/meet-the-team-pamela-beltrame\/","title":{"rendered":"\u00abMeet the Team\u00bb: Pamela Beltrame"},"content":{"rendered":"<p>[vc_row full_width=\u00a0\u00bbstretch_row\u00a0\u00bb css=\u00a0\u00bb.vc_custom_1637848435695{background-image: url(https:\/\/www.nzzone.ch\/wp-content\/uploads\/2021\/01\/bitmap.jpg?id=28) !important;background-position: center !important;background-repeat: no-repeat !important;background-size: cover !important;}\u00a0\u00bb][vc_column][vc_empty_space height=\u00a0\u00bb100px\u00a0\u00bb][vc_empty_space height=\u00a0\u00bb100px\u00a0\u00bb][\/vc_column][\/vc_row][vc_row][vc_column width=\u00a0\u00bb11\/12&Prime;][vc_column_text]<\/p>\n<h1>\u00abMeet the Team\u00bb: Pamela Beltrame<\/h1>\n<p>[\/vc_column_text][vc_column_text]Bienvenue \u00e0 Pamela Beltrame! Depuis le 1er juin, ce talent de 30 ans fait partie de l&rsquo;\u00e9quipe centrale de NZZ Content Creation, compos\u00e9e de dix personnes, et ce en tant que cinqui\u00e8me journaliste. Avant son changement, elle travaillait comme r\u00e9dactrice pour le magazine \u00e9conomique \u00abBilanz\u00bb, o\u00f9 elle \u00e9tait responsable de sa visibilit\u00e9 en ligne. Dans l&rsquo;atelier d&rsquo;\u00e9criture de NZZone, Pam est responsable des secteurs de l&rsquo;industrie financi\u00e8re et de la sant\u00e9. De plus, elle a une grande facilit\u00e9 pour les sujets sur les tendances lifestyle. Mais d\u00e9couvrez vous-m\u00eame comment \u00abPam, Pam, Pam\u00bb met les choses au point.[\/vc_column_text][vc_single_image image=\u00a0\u00bb31376&Prime; img_size=\u00a0\u00bbfull\u00a0\u00bb alignment=\u00a0\u00bbcenter\u00a0\u00bb][\/vc_column][vc_column width=\u00a0\u00bb1\/12&Prime;][\/vc_column][\/vc_row][vc_row][vc_column width=\u00a0\u00bb1\/5&Prime;][\/vc_column][vc_column width=\u00a0\u00bb2\/3&Prime;][vc_separator color=\u00a0\u00bbcustom\u00a0\u00bb align=\u00a0\u00bbalign_left\u00a0\u00bb el_width=\u00a0\u00bb10&Prime; accent_color=\u00a0\u00bb#a36552&Prime;][vc_column_text]<strong>Quel \u00e9tait le premier m\u00e9tier que tu voulais exercer quand tu \u00e9tais enfant?<\/strong><\/p>\n<p>Avocate des droits de l&rsquo;homme.[\/vc_column_text][vc_empty_space][vc_column_text]<strong>En plus de ton travail actuel: y a-t-il un domaine dans lequel tu excelles tant que tu pourrais \u00eatre pay\u00e9 pour le faire?<\/strong><\/p>\n<p>Je cuisine![\/vc_column_text][vc_empty_space][vc_column_text]<strong>Quelle est ta passion?<\/strong><\/p>\n<p>Philosopher sur la vie avec des amis.[\/vc_column_text][vc_empty_space][vc_column_text]<strong>Pour toi, le verre est-il \u00e0 moiti\u00e9 plein ou \u00e0 moiti\u00e9 vide?<\/strong><\/p>\n<p>J&rsquo;essaie toujours de me convaincre que le verre est \u00e0 moiti\u00e9 plein.[\/vc_column_text][vc_empty_space][vc_column_text]<strong>Quel conseil donnerais-tu \u00e0 la jeune femme que tu \u00e9tais \u00e0 vingt ans pour l\u2019avenir?<\/strong><\/p>\n<p>Les \u00abmauvaises\u00bb phases font partie de la vie &#8211; et ce sont les moments difficiles qui t&rsquo;enrichissent le plus.[\/vc_column_text][vc_empty_space][\/vc_column][\/vc_row][vc_row][vc_column]<div class=\"templatera_shortcode\"><div data-vc-full-width=\"true\" data-vc-full-width-init=\"false\" class=\"vc_row wpb_row vc_row-fluid vc_custom_1614935593480 vc_row-has-fill\"><div class=\"wpb_column vc_column_container vc_col-sm-12\"><div class=\"vc_column-inner\"><div class=\"wpb_wrapper\"><div class=\"vc_row wpb_row vc_inner vc_row-fluid\"><div class=\"wpb_column vc_column_container vc_col-sm-1\/5\"><div class=\"vc_column-inner\"><div class=\"wpb_wrapper\"><\/div><\/div><\/div><div class=\"wpb_column vc_column_container vc_col-sm-6\"><div class=\"vc_column-inner\"><div class=\"wpb_wrapper\"><div class=\"vc_empty_space\"   style=\"height: 32px\"><span class=\"vc_empty_space_inner\"><\/span><\/div>\n\t<div class=\"wpb_text_column wpb_content_element \" >\n\t\t<div class=\"wpb_wrapper\">\n\t\t\t<h3>Abonnement \u00e0 la newsletter<\/h3>\n<p>Avec la Newsletter NZZone, nous vous informons r\u00e9guli\u00e8rement de nos activit\u00e9s et de nos nouveaut\u00e9s.<\/p>\n\n\t\t<\/div>\n\t<\/div>\n<style>.vc_btn3-style-gradient-custom.vc_btn-gradient-btn-69f2e0c76a3db:hover{color: #ffffff;background-color: #a36552;border: none;background-position: 100% 0;}<\/style><style>.vc_btn3-style-gradient-custom.vc_btn-gradient-btn-69f2e0c76a3db{color: #ffffff;border: none;background-color: #a36552;background-image: -webkit-linear-gradient(left, #a36552 0%, #a36552 50%,#a36552 100%);background-image: linear-gradient(to right, #a36552 0%, #a36552 50%,#a36552 100%);-webkit-transition: all .2s ease-in-out;transition: all .2s ease-in-out;background-size: 200% 100%;}<\/style><div class=\"vc_btn3-container vc_btn3-inline\" ><a data-vc-gradient-1=\"#a36552\" data-vc-gradient-2=\"#a36552\" class=\"vc_general vc_btn3 vc_btn3-size-sm vc_btn3-shape-round vc_btn3-style-gradient-custom vc_btn3-icon-right vc_btn-gradient-btn-69f2e0c76a3db\" href=\"\/fr\/newsletter\/\" title=\"Newsletter\" target=\"_blank\">Inscription <i class=\"vc_btn3-icon fas fa-angle-right\"><\/i><\/a><\/div><div class=\"vc_empty_space\"   style=\"height: 32px\"><span class=\"vc_empty_space_inner\"><\/span><\/div><\/div><\/div><\/div><div class=\"wpb_column vc_column_container vc_col-sm-3\"><div class=\"vc_column-inner\"><div class=\"wpb_wrapper\"><\/div><\/div><\/div><\/div><\/div><\/div><\/div><\/div><div class=\"vc_row-full-width vc_clearfix\"><\/div><\/div>[\/vc_column][\/vc_row]<\/p>\n","protected":false},"excerpt":{"rendered":"<p>Depuis juin, Pam apporte du renfort \u00e0 l&rsquo;\u00e9quipe de NZZ Content Creation en tant que journaliste. Dans l&rsquo;interview, elle nous en dit plus sur elle-m\u00eame.<\/p>\n","protected":false},"author":9,"featured_media":31378,"comment_status":"closed","ping_status":"open","sticky":false,"template":"","format":"standard","meta":{"_acf_changed":false,"content-type":"","footnotes":""},"categories":[75],"tags":[],"class_list":["post-31386","post","type-post","status-publish","format-standard","hentry","category-blog-fr"],"acf":[],"yoast_head":"<!-- This site is optimized with the Yoast SEO plugin v24.4 - https:\/\/yoast.com\/wordpress\/plugins\/seo\/ -->\n<title>Bienvenue dans l&#039;\u00e9quipe, Pamela Beltrame \u2013 NZZone<\/title>\n<meta name=\"description\" content=\"Depuis juin, Pamela Beltrame a rejoint l&#039;\u00e9quipe de NZZ Content Creation en tant que cinqui\u00e8me journaliste. Apprends \u00e0 mieux la conna\u00eetre ici.\" \/>\n<meta name=\"robots\" content=\"index, follow, max-snippet:-1, max-image-preview:large, max-video-preview:-1\" \/>\n<link rel=\"canonical\" href=\"https:\/\/www.nzzone.ch\/meet-the-team-pamela-beltrame\/\" \/>\n<meta property=\"og:locale\" content=\"fr_FR\" \/>\n<meta property=\"og:type\" content=\"article\" \/>\n<meta property=\"og:title\" content=\"Bienvenue dans l&#039;\u00e9quipe, Pamela Beltrame \u2013 NZZone\" \/>\n<meta property=\"og:description\" content=\"Depuis juin, Pamela Beltrame a rejoint l&#039;\u00e9quipe de NZZ Content Creation en tant que cinqui\u00e8me journaliste. Apprends \u00e0 mieux la conna\u00eetre ici.\" \/>\n<meta property=\"og:url\" content=\"https:\/\/www.nzzone.ch\/meet-the-team-pamela-beltrame\/\" \/>\n<meta property=\"og:site_name\" content=\"NZZone\" \/>\n<meta property=\"article:published_time\" content=\"2024-12-04T13:08:42+00:00\" \/>\n<meta property=\"article:modified_time\" content=\"2024-12-05T13:23:21+00:00\" \/>\n<meta property=\"og:image\" content=\"https:\/\/www.nzzone.ch\/wp-content\/uploads\/2024\/12\/Pamela-Beltrame-NZZone.png\" \/>\n\t<meta property=\"og:image:width\" content=\"1200\" \/>\n\t<meta property=\"og:image:height\" content=\"628\" \/>\n\t<meta property=\"og:image:type\" content=\"image\/png\" \/>\n<meta name=\"author\" content=\"Laura Mullis\" \/>\n<meta name=\"twitter:card\" content=\"summary_large_image\" \/>\n<meta name=\"twitter:label1\" content=\"\u00c9crit par\" \/>\n\t<meta name=\"twitter:data1\" content=\"Laura Mullis\" \/>\n\t<meta name=\"twitter:label2\" content=\"Dur\u00e9e de lecture estim\u00e9e\" \/>\n\t<meta name=\"twitter:data2\" content=\"2 minutes\" \/>\n<script type=\"application\/ld+json\" class=\"yoast-schema-graph\">{\"@context\":\"https:\/\/schema.org\",\"@graph\":[{\"@type\":\"Article\",\"@id\":\"https:\/\/www.nzzone.ch\/meet-the-team-pamela-beltrame\/#article\",\"isPartOf\":{\"@id\":\"https:\/\/www.nzzone.ch\/meet-the-team-pamela-beltrame\/\"},\"author\":{\"name\":\"Laura Mullis\",\"@id\":\"https:\/\/www.nzzone.ch\/#\/schema\/person\/8eeedecce5fb06fd7897f2b77b2dfebe\"},\"headline\":\"\u00abMeet the Team\u00bb: Pamela Beltrame\",\"datePublished\":\"2024-12-04T13:08:42+00:00\",\"dateModified\":\"2024-12-05T13:23:21+00:00\",\"mainEntityOfPage\":{\"@id\":\"https:\/\/www.nzzone.ch\/meet-the-team-pamela-beltrame\/\"},\"wordCount\":389,\"publisher\":{\"@id\":\"https:\/\/www.nzzone.ch\/#organization\"},\"image\":{\"@id\":\"https:\/\/www.nzzone.ch\/meet-the-team-pamela-beltrame\/#primaryimage\"},\"thumbnailUrl\":\"https:\/\/www.nzzone.ch\/wp-content\/uploads\/2024\/12\/Pamela-Beltrame-NZZone.png\",\"articleSection\":[\"Blog\"],\"inLanguage\":\"fr-FR\"},{\"@type\":\"WebPage\",\"@id\":\"https:\/\/www.nzzone.ch\/meet-the-team-pamela-beltrame\/\",\"url\":\"https:\/\/www.nzzone.ch\/meet-the-team-pamela-beltrame\/\",\"name\":\"Bienvenue dans l'\u00e9quipe, Pamela Beltrame \u2013 NZZone\",\"isPartOf\":{\"@id\":\"https:\/\/www.nzzone.ch\/#website\"},\"primaryImageOfPage\":{\"@id\":\"https:\/\/www.nzzone.ch\/meet-the-team-pamela-beltrame\/#primaryimage\"},\"image\":{\"@id\":\"https:\/\/www.nzzone.ch\/meet-the-team-pamela-beltrame\/#primaryimage\"},\"thumbnailUrl\":\"https:\/\/www.nzzone.ch\/wp-content\/uploads\/2024\/12\/Pamela-Beltrame-NZZone.png\",\"datePublished\":\"2024-12-04T13:08:42+00:00\",\"dateModified\":\"2024-12-05T13:23:21+00:00\",\"description\":\"Depuis juin, Pamela Beltrame a rejoint l'\u00e9quipe de NZZ Content Creation en tant que cinqui\u00e8me journaliste. Apprends \u00e0 mieux la conna\u00eetre ici.\",\"breadcrumb\":{\"@id\":\"https:\/\/www.nzzone.ch\/meet-the-team-pamela-beltrame\/#breadcrumb\"},\"inLanguage\":\"fr-FR\",\"potentialAction\":[{\"@type\":\"ReadAction\",\"target\":[\"https:\/\/www.nzzone.ch\/meet-the-team-pamela-beltrame\/\"]}]},{\"@type\":\"ImageObject\",\"inLanguage\":\"fr-FR\",\"@id\":\"https:\/\/www.nzzone.ch\/meet-the-team-pamela-beltrame\/#primaryimage\",\"url\":\"https:\/\/www.nzzone.ch\/wp-content\/uploads\/2024\/12\/Pamela-Beltrame-NZZone.png\",\"contentUrl\":\"https:\/\/www.nzzone.ch\/wp-content\/uploads\/2024\/12\/Pamela-Beltrame-NZZone.png\",\"width\":1200,\"height\":628},{\"@type\":\"BreadcrumbList\",\"@id\":\"https:\/\/www.nzzone.ch\/meet-the-team-pamela-beltrame\/#breadcrumb\",\"itemListElement\":[{\"@type\":\"ListItem\",\"position\":1,\"name\":\"Startseite\",\"item\":\"https:\/\/www.nzzone.ch\/fr\/\"},{\"@type\":\"ListItem\",\"position\":2,\"name\":\"\u00abMeet the Team\u00bb: Pamela Beltrame\"}]},{\"@type\":\"WebSite\",\"@id\":\"https:\/\/www.nzzone.ch\/#website\",\"url\":\"https:\/\/www.nzzone.ch\/\",\"name\":\"NZZone\",\"description\":\"premium \u2022 brand \u2022 advertising\",\"publisher\":{\"@id\":\"https:\/\/www.nzzone.ch\/#organization\"},\"potentialAction\":[{\"@type\":\"SearchAction\",\"target\":{\"@type\":\"EntryPoint\",\"urlTemplate\":\"https:\/\/www.nzzone.ch\/?s={search_term_string}\"},\"query-input\":{\"@type\":\"PropertyValueSpecification\",\"valueRequired\":true,\"valueName\":\"search_term_string\"}}],\"inLanguage\":\"fr-FR\"},{\"@type\":\"Organization\",\"@id\":\"https:\/\/www.nzzone.ch\/#organization\",\"name\":\"NZZone\",\"url\":\"https:\/\/www.nzzone.ch\/\",\"logo\":{\"@type\":\"ImageObject\",\"inLanguage\":\"fr-FR\",\"@id\":\"https:\/\/www.nzzone.ch\/#\/schema\/logo\/image\/\",\"url\":\"https:\/\/www.nzzone.ch\/wp-content\/uploads\/2024\/01\/cropped-NZZ-one-Logo.png\",\"contentUrl\":\"https:\/\/www.nzzone.ch\/wp-content\/uploads\/2024\/01\/cropped-NZZ-one-Logo.png\",\"width\":492,\"height\":135,\"caption\":\"NZZone\"},\"image\":{\"@id\":\"https:\/\/www.nzzone.ch\/#\/schema\/logo\/image\/\"}},{\"@type\":\"Person\",\"@id\":\"https:\/\/www.nzzone.ch\/#\/schema\/person\/8eeedecce5fb06fd7897f2b77b2dfebe\",\"name\":\"Laura Mullis\",\"url\":\"https:\/\/www.nzzone.ch\/fr\/author\/laura\/\"}]}<\/script>\n<!-- \/ Yoast SEO plugin. -->","yoast_head_json":{"title":"Bienvenue dans l'\u00e9quipe, Pamela Beltrame \u2013 NZZone","description":"Depuis juin, Pamela Beltrame a rejoint l'\u00e9quipe de NZZ Content Creation en tant que cinqui\u00e8me journaliste. Apprends \u00e0 mieux la conna\u00eetre ici.","robots":{"index":"index","follow":"follow","max-snippet":"max-snippet:-1","max-image-preview":"max-image-preview:large","max-video-preview":"max-video-preview:-1"},"canonical":"https:\/\/www.nzzone.ch\/meet-the-team-pamela-beltrame\/","og_locale":"fr_FR","og_type":"article","og_title":"Bienvenue dans l'\u00e9quipe, Pamela Beltrame \u2013 NZZone","og_description":"Depuis juin, Pamela Beltrame a rejoint l'\u00e9quipe de NZZ Content Creation en tant que cinqui\u00e8me journaliste. Apprends \u00e0 mieux la conna\u00eetre ici.","og_url":"https:\/\/www.nzzone.ch\/meet-the-team-pamela-beltrame\/","og_site_name":"NZZone","article_published_time":"2024-12-04T13:08:42+00:00","article_modified_time":"2024-12-05T13:23:21+00:00","og_image":[{"width":1200,"height":628,"url":"https:\/\/www.nzzone.ch\/wp-content\/uploads\/2024\/12\/Pamela-Beltrame-NZZone.png","type":"image\/png"}],"author":"Laura Mullis","twitter_card":"summary_large_image","twitter_misc":{"\u00c9crit par":"Laura Mullis","Dur\u00e9e de lecture estim\u00e9e":"2 minutes"},"schema":{"@context":"https:\/\/schema.org","@graph":[{"@type":"Article","@id":"https:\/\/www.nzzone.ch\/meet-the-team-pamela-beltrame\/#article","isPartOf":{"@id":"https:\/\/www.nzzone.ch\/meet-the-team-pamela-beltrame\/"},"author":{"name":"Laura Mullis","@id":"https:\/\/www.nzzone.ch\/#\/schema\/person\/8eeedecce5fb06fd7897f2b77b2dfebe"},"headline":"\u00abMeet the Team\u00bb: Pamela Beltrame","datePublished":"2024-12-04T13:08:42+00:00","dateModified":"2024-12-05T13:23:21+00:00","mainEntityOfPage":{"@id":"https:\/\/www.nzzone.ch\/meet-the-team-pamela-beltrame\/"},"wordCount":389,"publisher":{"@id":"https:\/\/www.nzzone.ch\/#organization"},"image":{"@id":"https:\/\/www.nzzone.ch\/meet-the-team-pamela-beltrame\/#primaryimage"},"thumbnailUrl":"https:\/\/www.nzzone.ch\/wp-content\/uploads\/2024\/12\/Pamela-Beltrame-NZZone.png","articleSection":["Blog"],"inLanguage":"fr-FR"},{"@type":"WebPage","@id":"https:\/\/www.nzzone.ch\/meet-the-team-pamela-beltrame\/","url":"https:\/\/www.nzzone.ch\/meet-the-team-pamela-beltrame\/","name":"Bienvenue dans l'\u00e9quipe, Pamela Beltrame \u2013 NZZone","isPartOf":{"@id":"https:\/\/www.nzzone.ch\/#website"},"primaryImageOfPage":{"@id":"https:\/\/www.nzzone.ch\/meet-the-team-pamela-beltrame\/#primaryimage"},"image":{"@id":"https:\/\/www.nzzone.ch\/meet-the-team-pamela-beltrame\/#primaryimage"},"thumbnailUrl":"https:\/\/www.nzzone.ch\/wp-content\/uploads\/2024\/12\/Pamela-Beltrame-NZZone.png","datePublished":"2024-12-04T13:08:42+00:00","dateModified":"2024-12-05T13:23:21+00:00","description":"Depuis juin, Pamela Beltrame a rejoint l'\u00e9quipe de NZZ Content Creation en tant que cinqui\u00e8me journaliste. Apprends \u00e0 mieux la conna\u00eetre ici.","breadcrumb":{"@id":"https:\/\/www.nzzone.ch\/meet-the-team-pamela-beltrame\/#breadcrumb"},"inLanguage":"fr-FR","potentialAction":[{"@type":"ReadAction","target":["https:\/\/www.nzzone.ch\/meet-the-team-pamela-beltrame\/"]}]},{"@type":"ImageObject","inLanguage":"fr-FR","@id":"https:\/\/www.nzzone.ch\/meet-the-team-pamela-beltrame\/#primaryimage","url":"https:\/\/www.nzzone.ch\/wp-content\/uploads\/2024\/12\/Pamela-Beltrame-NZZone.png","contentUrl":"https:\/\/www.nzzone.ch\/wp-content\/uploads\/2024\/12\/Pamela-Beltrame-NZZone.png","width":1200,"height":628},{"@type":"BreadcrumbList","@id":"https:\/\/www.nzzone.ch\/meet-the-team-pamela-beltrame\/#breadcrumb","itemListElement":[{"@type":"ListItem","position":1,"name":"Startseite","item":"https:\/\/www.nzzone.ch\/fr\/"},{"@type":"ListItem","position":2,"name":"\u00abMeet the Team\u00bb: Pamela Beltrame"}]},{"@type":"WebSite","@id":"https:\/\/www.nzzone.ch\/#website","url":"https:\/\/www.nzzone.ch\/","name":"NZZone","description":"premium \u2022 brand \u2022 advertising","publisher":{"@id":"https:\/\/www.nzzone.ch\/#organization"},"potentialAction":[{"@type":"SearchAction","target":{"@type":"EntryPoint","urlTemplate":"https:\/\/www.nzzone.ch\/?s={search_term_string}"},"query-input":{"@type":"PropertyValueSpecification","valueRequired":true,"valueName":"search_term_string"}}],"inLanguage":"fr-FR"},{"@type":"Organization","@id":"https:\/\/www.nzzone.ch\/#organization","name":"NZZone","url":"https:\/\/www.nzzone.ch\/","logo":{"@type":"ImageObject","inLanguage":"fr-FR","@id":"https:\/\/www.nzzone.ch\/#\/schema\/logo\/image\/","url":"https:\/\/www.nzzone.ch\/wp-content\/uploads\/2024\/01\/cropped-NZZ-one-Logo.png","contentUrl":"https:\/\/www.nzzone.ch\/wp-content\/uploads\/2024\/01\/cropped-NZZ-one-Logo.png","width":492,"height":135,"caption":"NZZone"},"image":{"@id":"https:\/\/www.nzzone.ch\/#\/schema\/logo\/image\/"}},{"@type":"Person","@id":"https:\/\/www.nzzone.ch\/#\/schema\/person\/8eeedecce5fb06fd7897f2b77b2dfebe","name":"Laura Mullis","url":"https:\/\/www.nzzone.ch\/fr\/author\/laura\/"}]}},"_links":{"self":[{"href":"https:\/\/www.nzzone.ch\/fr\/wp-json\/wp\/v2\/posts\/31386","targetHints":{"allow":["GET"]}}],"collection":[{"href":"https:\/\/www.nzzone.ch\/fr\/wp-json\/wp\/v2\/posts"}],"about":[{"href":"https:\/\/www.nzzone.ch\/fr\/wp-json\/wp\/v2\/types\/post"}],"author":[{"embeddable":true,"href":"https:\/\/www.nzzone.ch\/fr\/wp-json\/wp\/v2\/users\/9"}],"replies":[{"embeddable":true,"href":"https:\/\/www.nzzone.ch\/fr\/wp-json\/wp\/v2\/comments?post=31386"}],"version-history":[{"count":3,"href":"https:\/\/www.nzzone.ch\/fr\/wp-json\/wp\/v2\/posts\/31386\/revisions"}],"predecessor-version":[{"id":31389,"href":"https:\/\/www.nzzone.ch\/fr\/wp-json\/wp\/v2\/posts\/31386\/revisions\/31389"}],"wp:featuredmedia":[{"embeddable":true,"href":"https:\/\/www.nzzone.ch\/fr\/wp-json\/wp\/v2\/media\/31378"}],"wp:attachment":[{"href":"https:\/\/www.nzzone.ch\/fr\/wp-json\/wp\/v2\/media?parent=31386"}],"wp:term":[{"taxonomy":"category","embeddable":true,"href":"https:\/\/www.nzzone.ch\/fr\/wp-json\/wp\/v2\/categories?post=31386"},{"taxonomy":"post_tag","embeddable":true,"href":"https:\/\/www.nzzone.ch\/fr\/wp-json\/wp\/v2\/tags?post=31386"}],"curies":[{"name":"wp","href":"https:\/\/api.w.org\/{rel}","templated":true}]}}