{"id":31901,"date":"2025-01-08T10:39:14","date_gmt":"2025-01-08T09:39:14","guid":{"rendered":"https:\/\/www.nzzone.ch\/meet-the-team-alexander-sascha-vitolic\/"},"modified":"2025-06-13T11:00:23","modified_gmt":"2025-06-13T09:00:23","slug":"meet-the-team-alexander-sascha-vitolic","status":"publish","type":"post","link":"https:\/\/www.nzzone.ch\/fr\/meet-the-team-alexander-sascha-vitolic\/","title":{"rendered":"\u00abMeet the Team\u00bb: Alexander (Sascha) Vitoli\u0107"},"content":{"rendered":"<p>[vc_row full_width=\u00a0\u00bbstretch_row\u00a0\u00bb css=\u00a0\u00bb.vc_custom_1637848435695{background-image: url(https:\/\/www.nzzone.ch\/wp-content\/uploads\/2021\/01\/bitmap.jpg?id=28) !important;background-position: center !important;background-repeat: no-repeat !important;background-size: cover !important;}\u00a0\u00bb][vc_column][vc_empty_space height=\u00a0\u00bb100px\u00a0\u00bb][vc_empty_space height=\u00a0\u00bb100px\u00a0\u00bb][\/vc_column][\/vc_row][vc_row][vc_column width=\u00a0\u00bb11\/12&Prime;][vc_column_text]<\/p>\n<h1>\u00abMeet the Team\u00bb: Alexander Vitoli\u0107<\/h1>\n<p>[\/vc_column_text][vc_column_text]Bienvenue \u00e0 Alexander Vitoli\u0107, qui pr\u00e9f\u00e8re qu&rsquo;on l&rsquo;appelle Sascha. Il apporte une grande exp\u00e9rience du secteur des m\u00e9dias, derni\u00e8rement en tant que r\u00e9dacteur au Schaffhauser Nachrichten. Chez NZZ Content Creation, il est responsable des th\u00e8mes de la formation initiale et continue, de l&rsquo;informatique et de la mobilit\u00e9 et cela en plus de son activit\u00e9 de producteur. Sa passion est de cr\u00e9er des contenus cr\u00e9atifs et informatifs qui divertissent et informent les gens. Dans sa vie priv\u00e9e, Sascha est un lecteur enthousiaste et un fan de gadgets. Mais lisez vous-m\u00eame et apprenez \u00e0 mieux le conna\u00eetre.[\/vc_column_text][vc_single_image image=\u00a0\u00bb31798&Prime; img_size=\u00a0\u00bbfull\u00a0\u00bb alignment=\u00a0\u00bbcenter\u00a0\u00bb][\/vc_column][vc_column width=\u00a0\u00bb1\/12&Prime;][\/vc_column][\/vc_row][vc_row][vc_column width=\u00a0\u00bb1\/5&Prime;][\/vc_column][vc_column width=\u00a0\u00bb2\/3&Prime;][vc_separator color=\u00a0\u00bbcustom\u00a0\u00bb align=\u00a0\u00bbalign_left\u00a0\u00bb el_width=\u00a0\u00bb10&Prime; accent_color=\u00a0\u00bb#a36552&Prime;][vc_column_text]<strong>En plus de ton travail actuel: y a-t-il un domaine dans lequel tu excelles au point que tu pourrais \u00eatre pay\u00e9 pour le faire?<\/strong><\/p>\n<p>Je ma\u00eetrise la lecture \u00e0 haute voix.[\/vc_column_text][vc_empty_space][vc_column_text]<strong>Quelque chose d&rsquo;int\u00e9ressant \u00e0 ton sujet?<\/strong><\/p>\n<p>Depuis que je suis petit, je dessine des voitures quand je suis au t\u00e9l\u00e9phone devant mon bureau. C&rsquo;est la raison pour laquelle j&rsquo;aime beaucoup ces grands sous-mains en papier.[\/vc_column_text][vc_empty_space][vc_column_text]<strong>Quelle est ta passion?<\/strong><\/p>\n<p>Faire du shopping. \u00c9norm\u00e9ment![\/vc_column_text][vc_empty_space][vc_column_text]<strong>Comment reprends-tu de nouvelles forces?<\/strong><\/p>\n<p>En \u00e9coutant le bruit de la pluie quand la fen\u00eatre est ouverte.[\/vc_column_text][vc_empty_space][vc_column_text]<strong>Quel \u00e9tait le premier m\u00e9tier que tu voulais exercer quand tu \u00e9tais enfant?<\/strong><\/p>\n<p>\u00c9crivain c\u00e9l\u00e8bre.[\/vc_column_text][vc_empty_space][vc_column_text]<strong>Comment es-tu entr\u00e9 dans les m\u00e9dias?<\/strong><\/p>\n<p>J&rsquo;ai \u00abharcel\u00e9\u00bb des gens qui travaillaient dans les m\u00e9dias.[\/vc_column_text][vc_empty_space][vc_column_text]<strong>Qu&rsquo;est-ce que tu ne supportes pas du tout au travail?<\/strong><\/p>\n<p>Le laps de temps entre deux heures et demie et trois heures et demie.[\/vc_column_text][vc_empty_space][vc_column_text]<strong>Comment tes coll\u00e8gues de travail te d\u00e9criraient-ils?<\/strong><\/p>\n<p>J&rsquo;ai h\u00e2te de le d\u00e9couvrir.[\/vc_column_text][vc_empty_space][vc_column_text]<strong>Quel conseil donnerais-tu au jeune homme que tu \u00e9tais \u00e0 vingt ans pour l\u2019avenir? <\/strong><\/p>\n<p>Ne te prends pas trop au s\u00e9rieux. Et puis: tout ira bien.[\/vc_column_text][vc_empty_space][\/vc_column][\/vc_row][vc_row][vc_column]<div class=\"templatera_shortcode\"><div data-vc-full-width=\"true\" data-vc-full-width-init=\"false\" class=\"vc_row wpb_row vc_row-fluid vc_custom_1614935593480 vc_row-has-fill\"><div class=\"wpb_column vc_column_container vc_col-sm-12\"><div class=\"vc_column-inner\"><div class=\"wpb_wrapper\"><div class=\"vc_row wpb_row vc_inner vc_row-fluid\"><div class=\"wpb_column vc_column_container vc_col-sm-1\/5\"><div class=\"vc_column-inner\"><div class=\"wpb_wrapper\"><\/div><\/div><\/div><div class=\"wpb_column vc_column_container vc_col-sm-6\"><div class=\"vc_column-inner\"><div class=\"wpb_wrapper\"><div class=\"vc_empty_space\"   style=\"height: 32px\"><span class=\"vc_empty_space_inner\"><\/span><\/div>\n\t<div class=\"wpb_text_column wpb_content_element \" >\n\t\t<div class=\"wpb_wrapper\">\n\t\t\t<h3>Abonnement \u00e0 la newsletter<\/h3>\n<p>Avec la Newsletter NZZone, nous vous informons r\u00e9guli\u00e8rement de nos activit\u00e9s et de nos nouveaut\u00e9s.<\/p>\n\n\t\t<\/div>\n\t<\/div>\n<style>.vc_btn3-style-gradient-custom.vc_btn-gradient-btn-69f2e0db582a9:hover{color: #ffffff;background-color: #a36552;border: none;background-position: 100% 0;}<\/style><style>.vc_btn3-style-gradient-custom.vc_btn-gradient-btn-69f2e0db582a9{color: #ffffff;border: none;background-color: #a36552;background-image: -webkit-linear-gradient(left, #a36552 0%, #a36552 50%,#a36552 100%);background-image: linear-gradient(to right, #a36552 0%, #a36552 50%,#a36552 100%);-webkit-transition: all .2s ease-in-out;transition: all .2s ease-in-out;background-size: 200% 100%;}<\/style><div class=\"vc_btn3-container vc_btn3-inline\" ><a data-vc-gradient-1=\"#a36552\" data-vc-gradient-2=\"#a36552\" class=\"vc_general vc_btn3 vc_btn3-size-sm vc_btn3-shape-round vc_btn3-style-gradient-custom vc_btn3-icon-right vc_btn-gradient-btn-69f2e0db582a9\" href=\"\/fr\/newsletter\/\" title=\"Newsletter\" target=\"_blank\">Inscription <i class=\"vc_btn3-icon fas fa-angle-right\"><\/i><\/a><\/div><div class=\"vc_empty_space\"   style=\"height: 32px\"><span class=\"vc_empty_space_inner\"><\/span><\/div><\/div><\/div><\/div><div class=\"wpb_column vc_column_container vc_col-sm-3\"><div class=\"vc_column-inner\"><div class=\"wpb_wrapper\"><\/div><\/div><\/div><\/div><\/div><\/div><\/div><\/div><div class=\"vc_row-full-width vc_clearfix\"><\/div><\/div>[\/vc_column][\/vc_row]<\/p>\n","protected":false},"excerpt":{"rendered":"<p>Sascha aime \u00eatre cr\u00e9atif chez NZZ Content Creation. Curieux d&rsquo;en savoir plus? Cliquez ici pour acc\u00e9der \u00e0 l&rsquo;interview!<\/p>\n","protected":false},"author":9,"featured_media":31800,"comment_status":"closed","ping_status":"open","sticky":false,"template":"","format":"standard","meta":{"_acf_changed":false,"content-type":"","footnotes":""},"categories":[75],"tags":[],"class_list":["post-31901","post","type-post","status-publish","format-standard","hentry","category-blog-fr"],"acf":[],"yoast_head":"<!-- This site is optimized with the Yoast SEO plugin v24.4 - https:\/\/yoast.com\/wordpress\/plugins\/seo\/ -->\n<title>Bienvenue dans l&#039;\u00e9quipe Alexander (Sascha) Vitoli\u0107 \u2013 NZZone<\/title>\n<meta name=\"description\" content=\"Sascha rejoint l&#039;\u00e9quipe de cr\u00e9ation de contenu de la NZZ en tant que journaliste et r\u00e9dacteur. Dans cette interview, il parle de sujets personnels. Cliquez ici!\" \/>\n<meta name=\"robots\" content=\"index, follow, max-snippet:-1, max-image-preview:large, max-video-preview:-1\" \/>\n<link rel=\"canonical\" href=\"https:\/\/www.nzzone.ch\/fr\/meet-the-team-alexander-sascha-vitolic\/\" \/>\n<meta property=\"og:locale\" content=\"fr_FR\" \/>\n<meta property=\"og:type\" content=\"article\" \/>\n<meta property=\"og:title\" content=\"Bienvenue dans l&#039;\u00e9quipe Alexander (Sascha) Vitoli\u0107 \u2013 NZZone\" \/>\n<meta property=\"og:description\" content=\"Sascha rejoint l&#039;\u00e9quipe de cr\u00e9ation de contenu de la NZZ en tant que journaliste et r\u00e9dacteur. Dans cette interview, il parle de sujets personnels. Cliquez ici!\" \/>\n<meta property=\"og:url\" content=\"https:\/\/www.nzzone.ch\/fr\/meet-the-team-alexander-sascha-vitolic\/\" \/>\n<meta property=\"og:site_name\" content=\"NZZone\" \/>\n<meta property=\"article:published_time\" content=\"2025-01-08T09:39:14+00:00\" \/>\n<meta property=\"article:modified_time\" content=\"2025-06-13T09:00:23+00:00\" \/>\n<meta property=\"og:image\" content=\"https:\/\/www.nzzone.ch\/wp-content\/uploads\/2024\/12\/Sascha-Vitolic-NZZone.png\" \/>\n\t<meta property=\"og:image:width\" content=\"1200\" \/>\n\t<meta property=\"og:image:height\" content=\"628\" \/>\n\t<meta property=\"og:image:type\" content=\"image\/png\" \/>\n<meta name=\"author\" content=\"Laura Mullis\" \/>\n<meta name=\"twitter:card\" content=\"summary_large_image\" \/>\n<meta name=\"twitter:label1\" content=\"\u00c9crit par\" \/>\n\t<meta name=\"twitter:data1\" content=\"Laura Mullis\" \/>\n\t<meta name=\"twitter:label2\" content=\"Dur\u00e9e de lecture estim\u00e9e\" \/>\n\t<meta name=\"twitter:data2\" content=\"3 minutes\" \/>\n<script type=\"application\/ld+json\" class=\"yoast-schema-graph\">{\"@context\":\"https:\/\/schema.org\",\"@graph\":[{\"@type\":\"Article\",\"@id\":\"https:\/\/www.nzzone.ch\/fr\/meet-the-team-alexander-sascha-vitolic\/#article\",\"isPartOf\":{\"@id\":\"https:\/\/www.nzzone.ch\/fr\/meet-the-team-alexander-sascha-vitolic\/\"},\"author\":{\"name\":\"Laura Mullis\",\"@id\":\"https:\/\/www.nzzone.ch\/#\/schema\/person\/8eeedecce5fb06fd7897f2b77b2dfebe\"},\"headline\":\"\u00abMeet the Team\u00bb: Alexander (Sascha) Vitoli\u0107\",\"datePublished\":\"2025-01-08T09:39:14+00:00\",\"dateModified\":\"2025-06-13T09:00:23+00:00\",\"mainEntityOfPage\":{\"@id\":\"https:\/\/www.nzzone.ch\/fr\/meet-the-team-alexander-sascha-vitolic\/\"},\"wordCount\":520,\"publisher\":{\"@id\":\"https:\/\/www.nzzone.ch\/#organization\"},\"image\":{\"@id\":\"https:\/\/www.nzzone.ch\/fr\/meet-the-team-alexander-sascha-vitolic\/#primaryimage\"},\"thumbnailUrl\":\"https:\/\/www.nzzone.ch\/wp-content\/uploads\/2024\/12\/Sascha-Vitolic-NZZone.png\",\"articleSection\":[\"Blog\"],\"inLanguage\":\"fr-FR\"},{\"@type\":\"WebPage\",\"@id\":\"https:\/\/www.nzzone.ch\/fr\/meet-the-team-alexander-sascha-vitolic\/\",\"url\":\"https:\/\/www.nzzone.ch\/fr\/meet-the-team-alexander-sascha-vitolic\/\",\"name\":\"Bienvenue dans l'\u00e9quipe Alexander (Sascha) Vitoli\u0107 \u2013 NZZone\",\"isPartOf\":{\"@id\":\"https:\/\/www.nzzone.ch\/#website\"},\"primaryImageOfPage\":{\"@id\":\"https:\/\/www.nzzone.ch\/fr\/meet-the-team-alexander-sascha-vitolic\/#primaryimage\"},\"image\":{\"@id\":\"https:\/\/www.nzzone.ch\/fr\/meet-the-team-alexander-sascha-vitolic\/#primaryimage\"},\"thumbnailUrl\":\"https:\/\/www.nzzone.ch\/wp-content\/uploads\/2024\/12\/Sascha-Vitolic-NZZone.png\",\"datePublished\":\"2025-01-08T09:39:14+00:00\",\"dateModified\":\"2025-06-13T09:00:23+00:00\",\"description\":\"Sascha rejoint l'\u00e9quipe de cr\u00e9ation de contenu de la NZZ en tant que journaliste et r\u00e9dacteur. Dans cette interview, il parle de sujets personnels. Cliquez ici!\",\"breadcrumb\":{\"@id\":\"https:\/\/www.nzzone.ch\/fr\/meet-the-team-alexander-sascha-vitolic\/#breadcrumb\"},\"inLanguage\":\"fr-FR\",\"potentialAction\":[{\"@type\":\"ReadAction\",\"target\":[\"https:\/\/www.nzzone.ch\/fr\/meet-the-team-alexander-sascha-vitolic\/\"]}]},{\"@type\":\"ImageObject\",\"inLanguage\":\"fr-FR\",\"@id\":\"https:\/\/www.nzzone.ch\/fr\/meet-the-team-alexander-sascha-vitolic\/#primaryimage\",\"url\":\"https:\/\/www.nzzone.ch\/wp-content\/uploads\/2024\/12\/Sascha-Vitolic-NZZone.png\",\"contentUrl\":\"https:\/\/www.nzzone.ch\/wp-content\/uploads\/2024\/12\/Sascha-Vitolic-NZZone.png\",\"width\":1200,\"height\":628,\"caption\":\"Sascha-Vitolic-NZZone\"},{\"@type\":\"BreadcrumbList\",\"@id\":\"https:\/\/www.nzzone.ch\/fr\/meet-the-team-alexander-sascha-vitolic\/#breadcrumb\",\"itemListElement\":[{\"@type\":\"ListItem\",\"position\":1,\"name\":\"Startseite\",\"item\":\"https:\/\/www.nzzone.ch\/fr\/\"},{\"@type\":\"ListItem\",\"position\":2,\"name\":\"\u00abMeet the Team\u00bb: Alexander (Sascha) Vitoli\u0107\"}]},{\"@type\":\"WebSite\",\"@id\":\"https:\/\/www.nzzone.ch\/#website\",\"url\":\"https:\/\/www.nzzone.ch\/\",\"name\":\"NZZone\",\"description\":\"premium \u2022 brand \u2022 advertising\",\"publisher\":{\"@id\":\"https:\/\/www.nzzone.ch\/#organization\"},\"potentialAction\":[{\"@type\":\"SearchAction\",\"target\":{\"@type\":\"EntryPoint\",\"urlTemplate\":\"https:\/\/www.nzzone.ch\/?s={search_term_string}\"},\"query-input\":{\"@type\":\"PropertyValueSpecification\",\"valueRequired\":true,\"valueName\":\"search_term_string\"}}],\"inLanguage\":\"fr-FR\"},{\"@type\":\"Organization\",\"@id\":\"https:\/\/www.nzzone.ch\/#organization\",\"name\":\"NZZone\",\"url\":\"https:\/\/www.nzzone.ch\/\",\"logo\":{\"@type\":\"ImageObject\",\"inLanguage\":\"fr-FR\",\"@id\":\"https:\/\/www.nzzone.ch\/#\/schema\/logo\/image\/\",\"url\":\"https:\/\/www.nzzone.ch\/wp-content\/uploads\/2024\/01\/cropped-NZZ-one-Logo.png\",\"contentUrl\":\"https:\/\/www.nzzone.ch\/wp-content\/uploads\/2024\/01\/cropped-NZZ-one-Logo.png\",\"width\":492,\"height\":135,\"caption\":\"NZZone\"},\"image\":{\"@id\":\"https:\/\/www.nzzone.ch\/#\/schema\/logo\/image\/\"}},{\"@type\":\"Person\",\"@id\":\"https:\/\/www.nzzone.ch\/#\/schema\/person\/8eeedecce5fb06fd7897f2b77b2dfebe\",\"name\":\"Laura Mullis\",\"url\":\"https:\/\/www.nzzone.ch\/fr\/author\/laura\/\"}]}<\/script>\n<!-- \/ Yoast SEO plugin. -->","yoast_head_json":{"title":"Bienvenue dans l'\u00e9quipe Alexander (Sascha) Vitoli\u0107 \u2013 NZZone","description":"Sascha rejoint l'\u00e9quipe de cr\u00e9ation de contenu de la NZZ en tant que journaliste et r\u00e9dacteur. Dans cette interview, il parle de sujets personnels. Cliquez ici!","robots":{"index":"index","follow":"follow","max-snippet":"max-snippet:-1","max-image-preview":"max-image-preview:large","max-video-preview":"max-video-preview:-1"},"canonical":"https:\/\/www.nzzone.ch\/fr\/meet-the-team-alexander-sascha-vitolic\/","og_locale":"fr_FR","og_type":"article","og_title":"Bienvenue dans l'\u00e9quipe Alexander (Sascha) Vitoli\u0107 \u2013 NZZone","og_description":"Sascha rejoint l'\u00e9quipe de cr\u00e9ation de contenu de la NZZ en tant que journaliste et r\u00e9dacteur. Dans cette interview, il parle de sujets personnels. Cliquez ici!","og_url":"https:\/\/www.nzzone.ch\/fr\/meet-the-team-alexander-sascha-vitolic\/","og_site_name":"NZZone","article_published_time":"2025-01-08T09:39:14+00:00","article_modified_time":"2025-06-13T09:00:23+00:00","og_image":[{"width":1200,"height":628,"url":"https:\/\/www.nzzone.ch\/wp-content\/uploads\/2024\/12\/Sascha-Vitolic-NZZone.png","type":"image\/png"}],"author":"Laura Mullis","twitter_card":"summary_large_image","twitter_misc":{"\u00c9crit par":"Laura Mullis","Dur\u00e9e de lecture estim\u00e9e":"3 minutes"},"schema":{"@context":"https:\/\/schema.org","@graph":[{"@type":"Article","@id":"https:\/\/www.nzzone.ch\/fr\/meet-the-team-alexander-sascha-vitolic\/#article","isPartOf":{"@id":"https:\/\/www.nzzone.ch\/fr\/meet-the-team-alexander-sascha-vitolic\/"},"author":{"name":"Laura Mullis","@id":"https:\/\/www.nzzone.ch\/#\/schema\/person\/8eeedecce5fb06fd7897f2b77b2dfebe"},"headline":"\u00abMeet the Team\u00bb: Alexander (Sascha) Vitoli\u0107","datePublished":"2025-01-08T09:39:14+00:00","dateModified":"2025-06-13T09:00:23+00:00","mainEntityOfPage":{"@id":"https:\/\/www.nzzone.ch\/fr\/meet-the-team-alexander-sascha-vitolic\/"},"wordCount":520,"publisher":{"@id":"https:\/\/www.nzzone.ch\/#organization"},"image":{"@id":"https:\/\/www.nzzone.ch\/fr\/meet-the-team-alexander-sascha-vitolic\/#primaryimage"},"thumbnailUrl":"https:\/\/www.nzzone.ch\/wp-content\/uploads\/2024\/12\/Sascha-Vitolic-NZZone.png","articleSection":["Blog"],"inLanguage":"fr-FR"},{"@type":"WebPage","@id":"https:\/\/www.nzzone.ch\/fr\/meet-the-team-alexander-sascha-vitolic\/","url":"https:\/\/www.nzzone.ch\/fr\/meet-the-team-alexander-sascha-vitolic\/","name":"Bienvenue dans l'\u00e9quipe Alexander (Sascha) Vitoli\u0107 \u2013 NZZone","isPartOf":{"@id":"https:\/\/www.nzzone.ch\/#website"},"primaryImageOfPage":{"@id":"https:\/\/www.nzzone.ch\/fr\/meet-the-team-alexander-sascha-vitolic\/#primaryimage"},"image":{"@id":"https:\/\/www.nzzone.ch\/fr\/meet-the-team-alexander-sascha-vitolic\/#primaryimage"},"thumbnailUrl":"https:\/\/www.nzzone.ch\/wp-content\/uploads\/2024\/12\/Sascha-Vitolic-NZZone.png","datePublished":"2025-01-08T09:39:14+00:00","dateModified":"2025-06-13T09:00:23+00:00","description":"Sascha rejoint l'\u00e9quipe de cr\u00e9ation de contenu de la NZZ en tant que journaliste et r\u00e9dacteur. Dans cette interview, il parle de sujets personnels. Cliquez ici!","breadcrumb":{"@id":"https:\/\/www.nzzone.ch\/fr\/meet-the-team-alexander-sascha-vitolic\/#breadcrumb"},"inLanguage":"fr-FR","potentialAction":[{"@type":"ReadAction","target":["https:\/\/www.nzzone.ch\/fr\/meet-the-team-alexander-sascha-vitolic\/"]}]},{"@type":"ImageObject","inLanguage":"fr-FR","@id":"https:\/\/www.nzzone.ch\/fr\/meet-the-team-alexander-sascha-vitolic\/#primaryimage","url":"https:\/\/www.nzzone.ch\/wp-content\/uploads\/2024\/12\/Sascha-Vitolic-NZZone.png","contentUrl":"https:\/\/www.nzzone.ch\/wp-content\/uploads\/2024\/12\/Sascha-Vitolic-NZZone.png","width":1200,"height":628,"caption":"Sascha-Vitolic-NZZone"},{"@type":"BreadcrumbList","@id":"https:\/\/www.nzzone.ch\/fr\/meet-the-team-alexander-sascha-vitolic\/#breadcrumb","itemListElement":[{"@type":"ListItem","position":1,"name":"Startseite","item":"https:\/\/www.nzzone.ch\/fr\/"},{"@type":"ListItem","position":2,"name":"\u00abMeet the Team\u00bb: Alexander (Sascha) Vitoli\u0107"}]},{"@type":"WebSite","@id":"https:\/\/www.nzzone.ch\/#website","url":"https:\/\/www.nzzone.ch\/","name":"NZZone","description":"premium \u2022 brand \u2022 advertising","publisher":{"@id":"https:\/\/www.nzzone.ch\/#organization"},"potentialAction":[{"@type":"SearchAction","target":{"@type":"EntryPoint","urlTemplate":"https:\/\/www.nzzone.ch\/?s={search_term_string}"},"query-input":{"@type":"PropertyValueSpecification","valueRequired":true,"valueName":"search_term_string"}}],"inLanguage":"fr-FR"},{"@type":"Organization","@id":"https:\/\/www.nzzone.ch\/#organization","name":"NZZone","url":"https:\/\/www.nzzone.ch\/","logo":{"@type":"ImageObject","inLanguage":"fr-FR","@id":"https:\/\/www.nzzone.ch\/#\/schema\/logo\/image\/","url":"https:\/\/www.nzzone.ch\/wp-content\/uploads\/2024\/01\/cropped-NZZ-one-Logo.png","contentUrl":"https:\/\/www.nzzone.ch\/wp-content\/uploads\/2024\/01\/cropped-NZZ-one-Logo.png","width":492,"height":135,"caption":"NZZone"},"image":{"@id":"https:\/\/www.nzzone.ch\/#\/schema\/logo\/image\/"}},{"@type":"Person","@id":"https:\/\/www.nzzone.ch\/#\/schema\/person\/8eeedecce5fb06fd7897f2b77b2dfebe","name":"Laura Mullis","url":"https:\/\/www.nzzone.ch\/fr\/author\/laura\/"}]}},"_links":{"self":[{"href":"https:\/\/www.nzzone.ch\/fr\/wp-json\/wp\/v2\/posts\/31901","targetHints":{"allow":["GET"]}}],"collection":[{"href":"https:\/\/www.nzzone.ch\/fr\/wp-json\/wp\/v2\/posts"}],"about":[{"href":"https:\/\/www.nzzone.ch\/fr\/wp-json\/wp\/v2\/types\/post"}],"author":[{"embeddable":true,"href":"https:\/\/www.nzzone.ch\/fr\/wp-json\/wp\/v2\/users\/9"}],"replies":[{"embeddable":true,"href":"https:\/\/www.nzzone.ch\/fr\/wp-json\/wp\/v2\/comments?post=31901"}],"version-history":[{"count":6,"href":"https:\/\/www.nzzone.ch\/fr\/wp-json\/wp\/v2\/posts\/31901\/revisions"}],"predecessor-version":[{"id":34364,"href":"https:\/\/www.nzzone.ch\/fr\/wp-json\/wp\/v2\/posts\/31901\/revisions\/34364"}],"wp:featuredmedia":[{"embeddable":true,"href":"https:\/\/www.nzzone.ch\/fr\/wp-json\/wp\/v2\/media\/31800"}],"wp:attachment":[{"href":"https:\/\/www.nzzone.ch\/fr\/wp-json\/wp\/v2\/media?parent=31901"}],"wp:term":[{"taxonomy":"category","embeddable":true,"href":"https:\/\/www.nzzone.ch\/fr\/wp-json\/wp\/v2\/categories?post=31901"},{"taxonomy":"post_tag","embeddable":true,"href":"https:\/\/www.nzzone.ch\/fr\/wp-json\/wp\/v2\/tags?post=31901"}],"curies":[{"name":"wp","href":"https:\/\/api.w.org\/{rel}","templated":true}]}}