{"id":34491,"date":"2025-07-01T14:48:56","date_gmt":"2025-07-01T12:48:56","guid":{"rendered":"https:\/\/www.nzzone.ch\/meet-the-team-beatrice-brandes\/"},"modified":"2025-07-01T14:50:26","modified_gmt":"2025-07-01T12:50:26","slug":"meet-the-team-beatrice-brandes","status":"publish","type":"post","link":"https:\/\/www.nzzone.ch\/fr\/meet-the-team-beatrice-brandes\/","title":{"rendered":"\u00abMeet the Team\u00bb: Beatrice Brandes"},"content":{"rendered":"<p>[vc_row full_width=\u00a0\u00bbstretch_row\u00a0\u00bb css=\u00a0\u00bb.vc_custom_1637848435695{background-image: url(https:\/\/www.nzzone.ch\/wp-content\/uploads\/2021\/01\/bitmap.jpg?id=28) !important;background-position: center !important;background-repeat: no-repeat !important;background-size: cover !important;}\u00a0\u00bb][vc_column][vc_empty_space height=\u00a0\u00bb100px\u00a0\u00bb][vc_empty_space height=\u00a0\u00bb100px\u00a0\u00bb][\/vc_column][\/vc_row][vc_row][vc_column width=\u00a0\u00bb11\/12&Prime;][vc_column_text]<\/p>\n<h1>\u00abMeet the Team\u00bb: Beatrice Brandes<\/h1>\n<p>[\/vc_column_text][vc_column_text]<b>\u00abHello again\u00bb Beatrice Brandes \u2728 <\/b><span style=\"font-weight: 400;\">Notre plus ancienne coll\u00e8gue de NZZone a fait son premier jour de travail \u00e0 la \u00abNeue Z\u00fcrcher Zeitung\u00bb le 22 mai 1985. Entre-temps, elle a pass\u00e9 40 ans (et 1 mois, 1 semaine, 4 jours le 3 juillet 2025) chez sa \u00abvieille tante\u00bb. Nous la f\u00e9licitons de tout c\u0153ur! Beatrice raconte ce qu&rsquo;elle a v\u00e9cu \u00e0 l&rsquo;\u00e9poque et ce qu&rsquo;elle ressent aujourd&rsquo;hui dans une interview \u00abMeet the Team\u00bb un peu diff\u00e9rente.<\/span>[\/vc_column_text][vc_single_image image=\u00a0\u00bb34445&Prime; img_size=\u00a0\u00bbfull\u00a0\u00bb alignment=\u00a0\u00bbcenter\u00a0\u00bb][\/vc_column][vc_column width=\u00a0\u00bb1\/12&Prime;][\/vc_column][\/vc_row][vc_row][vc_column width=\u00a0\u00bb1\/5&Prime;][\/vc_column][vc_column width=\u00a0\u00bb2\/3&Prime;][vc_separator color=\u00a0\u00bbcustom\u00a0\u00bb align=\u00a0\u00bbalign_left\u00a0\u00bb el_width=\u00a0\u00bb10&Prime; accent_color=\u00a0\u00bb#a36552&Prime;][vc_column_text]<strong>Qu&rsquo;est-ce qui te manque du soi-disant bon vieux temps?<br \/>\n<\/strong><\/p>\n<p>Je pense en premier lieu \u00e0 bon nombre de mes anciens coll\u00e8gues qui sont d\u00e9j\u00e0 en retraite ou qui se sont envol\u00e9s vers de nouveaux horizons. A l&rsquo;\u00e9poque, dans les ann\u00e9es 1980, l&rsquo;\u00e9quipe de l&rsquo;atelier de composition \u00e9tait tr\u00e8s h\u00e9t\u00e9rog\u00e8ne, avec des personnalit\u00e9s particuli\u00e8res, des oiseaux de mauvais augure et quelques personnes qui pensaient diff\u00e9remment.[\/vc_column_text][vc_empty_space][vc_column_text]<strong>Y a-t-il quelque chose que tu n&rsquo;oublieras jamais?<\/strong><\/p>\n<p>Oui, le printemps 1985: mes d\u00e9buts \u00e0 la NZZ. C&rsquo;\u00e9tait une autre \u00e9poque. J&rsquo;ai rencontr\u00e9 une ancienne camarade de classe \u00e0 l&rsquo;arr\u00eat Opernhaus, elle sortait de la NZZ. Apr\u00e8s le cours pr\u00e9paratoire \u00e0 l&rsquo;\u00e9cole des arts et m\u00e9tiers, j&rsquo;\u00e9tais \u00e0 la recherche d&rsquo;un emploi. Elle m&rsquo;a dit: \u00abessaie de travailler \u00e0 la NZZ dans la composition, ils cherchent toujours des \u00e9tudiants motiv\u00e9s pour les rotations\u00bb. Je me suis imm\u00e9diatement manifest\u00e9e. Le test pour obtenir un emploi \u00e0 la NZZ consistait \u00e0 v\u00e9rifier\/corriger un texte allemand en un temps record et d\u00e9montrer que je disposais d&rsquo;une virtuosit\u00e9 suffisante sur la machine \u00e0 \u00e9crire \u2013 une formalit\u00e9 qui m&rsquo;a permis d&rsquo;\u00eatre embauch\u00e9e.[\/vc_column_text][vc_empty_space][vc_column_text]<strong>Qu&rsquo;est-ce qui a le plus chang\u00e9 dans le travail quotidien?<\/strong><\/p>\n<p>Pour moi, \u00abtout\u00bb a chang\u00e9 et dans tous les domaines. Au d\u00e9but, j&rsquo;ai travaill\u00e9 en rotation \u00e0 temps plein, puis je suis pass\u00e9e \u00e0 temps partiel pour pouvoir reprendre des \u00e9tudes et suivre des formations. Avec le recul, ce sont surtout les progr\u00e8s technologiques qui sont \u00e9normes: je me souviens d&rsquo;\u00e9crans \u00abmonstrueux\u00bb, avec une \u00e9criture verte sur fond noir. Les e-mails n&rsquo;existaient pas encore \u00e0 l&rsquo;\u00e9poque, mais il y avait des m\u00e8tres de papier t\u00e9lex que les r\u00e9dacteurs traitaient rapidement, d\u00e9coupaient, collaient et r\u00e9digeaient de mani\u00e8re plus ou moins lisible. Les manuscrits d&rsquo;auteurs devaient encore \u00eatre retap\u00e9s&#8230; Nous avons maintenant une immense vari\u00e9t\u00e9 de produits, de formes de publicit\u00e9, de plates-formes d&rsquo;information et d&rsquo;\u00e9change, d&rsquo;outils de travail et un monde complexe de r\u00e9seaux sociaux. Les archives de commande \u00e9taient tout aussi complexes \u00e0 l&rsquo;\u00e9poque: une \u00e9norme armoire avec des bacs m\u00e9talliques et un m\u00e9canisme de rotation interne, elles \u00e9taient g\u00e9r\u00e9es personnellement et trait\u00e9es \u00e0 la main.[\/vc_column_text][vc_empty_space][vc_column_text]<strong>De quel \u00e9v\u00e9nement te souviens-tu particuli\u00e8rement?<\/strong><\/p>\n<p>Tr\u00e8s clairement: de notre dernier \u00e9v\u00e9nement d&rsquo;\u00e9quipe avec le Bowling Challenge.[\/vc_column_text][vc_empty_space][vc_column_text]<strong>En quatre d\u00e9cennies, qu&rsquo;est-ce qui t&rsquo;a motiv\u00e9e \u00e0 rester?<\/strong><\/p>\n<p>J&rsquo;ai eu la chance de toujours pouvoir faire partie d&rsquo;une \u00e9quipe soud\u00e9e et j&rsquo;ai toujours appr\u00e9ci\u00e9 la NZZ en tant qu&#8217;employeur solide et g\u00e9n\u00e9reux \u00e0 l&rsquo;orientation lib\u00e9rale Je ne me suis jamais \u00abennuy\u00e9e\u00bb non plus, car l&rsquo;environnement et les d\u00e9fis du paysage m\u00e9diatique ont \u00e9volu\u00e9 quasiment d&rsquo;eux-m\u00eames en permanence, de plus les produits de la NZZ sont de grande qualit\u00e9.[\/vc_column_text][vc_empty_space][vc_column_text]<strong>Qu&rsquo;est-ce que tu appr\u00e9cies particuli\u00e8rement dans l&rsquo;\u00e9quipe actuelle?<\/strong><\/p>\n<p>La coop\u00e9ration active est tr\u00e8s importante pour moi, ainsi que l&rsquo;atmosph\u00e8re amicale qui, malgr\u00e9 l&rsquo;obligation de r\u00e9ussite, laisse aussi la place \u00e0 des moments joyeux et amusants.[\/vc_column_text][vc_empty_space][vc_column_text]<strong>Que souhaites-tu pour les ann\u00e9es de travail qui te restent?<\/strong><\/p>\n<p>Que l&rsquo;ambiance de travail reste la m\u00eame malgr\u00e9 toutes les nouveaut\u00e9s, les changements et les impond\u00e9rables de notre \u00e9poque. Merci![\/vc_column_text][vc_empty_space][\/vc_column][\/vc_row][vc_row][vc_column]<div class=\"templatera_shortcode\"><div data-vc-full-width=\"true\" data-vc-full-width-init=\"false\" class=\"vc_row wpb_row vc_row-fluid vc_custom_1614935593480 vc_row-has-fill\"><div class=\"wpb_column vc_column_container vc_col-sm-12\"><div class=\"vc_column-inner\"><div class=\"wpb_wrapper\"><div class=\"vc_row wpb_row vc_inner vc_row-fluid\"><div class=\"wpb_column vc_column_container vc_col-sm-1\/5\"><div class=\"vc_column-inner\"><div class=\"wpb_wrapper\"><\/div><\/div><\/div><div class=\"wpb_column vc_column_container vc_col-sm-6\"><div class=\"vc_column-inner\"><div class=\"wpb_wrapper\"><div class=\"vc_empty_space\"   style=\"height: 32px\"><span class=\"vc_empty_space_inner\"><\/span><\/div>\n\t<div class=\"wpb_text_column wpb_content_element \" >\n\t\t<div class=\"wpb_wrapper\">\n\t\t\t<h3>Abonnement \u00e0 la newsletter<\/h3>\n<p>Avec la Newsletter NZZone, nous vous informons r\u00e9guli\u00e8rement de nos activit\u00e9s et de nos nouveaut\u00e9s.<\/p>\n\n\t\t<\/div>\n\t<\/div>\n<style>.vc_btn3-style-gradient-custom.vc_btn-gradient-btn-69f2de579b75a:hover{color: #ffffff;background-color: #a36552;border: none;background-position: 100% 0;}<\/style><style>.vc_btn3-style-gradient-custom.vc_btn-gradient-btn-69f2de579b75a{color: #ffffff;border: none;background-color: #a36552;background-image: -webkit-linear-gradient(left, #a36552 0%, #a36552 50%,#a36552 100%);background-image: linear-gradient(to right, #a36552 0%, #a36552 50%,#a36552 100%);-webkit-transition: all .2s ease-in-out;transition: all .2s ease-in-out;background-size: 200% 100%;}<\/style><div class=\"vc_btn3-container vc_btn3-inline\" ><a data-vc-gradient-1=\"#a36552\" data-vc-gradient-2=\"#a36552\" class=\"vc_general vc_btn3 vc_btn3-size-sm vc_btn3-shape-round vc_btn3-style-gradient-custom vc_btn3-icon-right vc_btn-gradient-btn-69f2de579b75a\" href=\"\/fr\/newsletter\/\" title=\"Newsletter\" target=\"_blank\">Inscription <i class=\"vc_btn3-icon fas fa-angle-right\"><\/i><\/a><\/div><div class=\"vc_empty_space\"   style=\"height: 32px\"><span class=\"vc_empty_space_inner\"><\/span><\/div><\/div><\/div><\/div><div class=\"wpb_column vc_column_container vc_col-sm-3\"><div class=\"vc_column-inner\"><div class=\"wpb_wrapper\"><\/div><\/div><\/div><\/div><\/div><\/div><\/div><\/div><div class=\"vc_row-full-width vc_clearfix\"><\/div><\/div>[\/vc_column][\/vc_row]<\/p>\n","protected":false},"excerpt":{"rendered":"<p>Depuis 40 ans, B\u00e9atrice fait partie de notre \u00e9quipe. Dans l&rsquo;interview, elle parle du bon vieux temps et des raisons pour lesquelles elle est rest\u00e9e fid\u00e8le \u00e0 la NZZ jusqu&rsquo;\u00e0 aujourd&rsquo;hui.<\/p>\n","protected":false},"author":9,"featured_media":34447,"comment_status":"closed","ping_status":"open","sticky":false,"template":"","format":"standard","meta":{"_acf_changed":false,"content-type":"","footnotes":""},"categories":[75],"tags":[],"class_list":["post-34491","post","type-post","status-publish","format-standard","hentry","category-blog-fr"],"acf":[],"yoast_head":"<!-- This site is optimized with the Yoast SEO plugin v24.4 - https:\/\/yoast.com\/wordpress\/plugins\/seo\/ -->\n<title>Fais connaissance avec Beatrice Brandes \u2013 NZZone<\/title>\n<meta name=\"description\" content=\"Beatrice travaille depuis 40 ans pour la NZZ. Dans l&#039;interview, elle parle du bon vieux temps et des raisons pour lesquelles elle est rest\u00e9e fid\u00e8le \u00e0 son employeur jusqu&#039;\u00e0 aujourd&#039;hui.\" \/>\n<meta name=\"robots\" content=\"index, follow, max-snippet:-1, max-image-preview:large, max-video-preview:-1\" \/>\n<link rel=\"canonical\" href=\"https:\/\/www.nzzone.ch\/fr\/meet-the-team-beatrice-brandes\/\" \/>\n<meta property=\"og:locale\" content=\"fr_FR\" \/>\n<meta property=\"og:type\" content=\"article\" \/>\n<meta property=\"og:title\" content=\"Fais connaissance avec Beatrice Brandes \u2013 NZZone\" \/>\n<meta property=\"og:description\" content=\"Beatrice travaille depuis 40 ans pour la NZZ. Dans l&#039;interview, elle parle du bon vieux temps et des raisons pour lesquelles elle est rest\u00e9e fid\u00e8le \u00e0 son employeur jusqu&#039;\u00e0 aujourd&#039;hui.\" \/>\n<meta property=\"og:url\" content=\"https:\/\/www.nzzone.ch\/fr\/meet-the-team-beatrice-brandes\/\" \/>\n<meta property=\"og:site_name\" content=\"NZZone\" \/>\n<meta property=\"article:published_time\" content=\"2025-07-01T12:48:56+00:00\" \/>\n<meta property=\"article:modified_time\" content=\"2025-07-01T12:50:26+00:00\" \/>\n<meta property=\"og:image\" content=\"https:\/\/www.nzzone.ch\/wp-content\/uploads\/2025\/06\/Beatrice-Brandes.png\" \/>\n\t<meta property=\"og:image:width\" content=\"1200\" \/>\n\t<meta property=\"og:image:height\" content=\"628\" \/>\n\t<meta property=\"og:image:type\" content=\"image\/png\" \/>\n<meta name=\"author\" content=\"Laura Mullis\" \/>\n<meta name=\"twitter:card\" content=\"summary_large_image\" \/>\n<meta name=\"twitter:label1\" content=\"\u00c9crit par\" \/>\n\t<meta name=\"twitter:data1\" content=\"Laura Mullis\" \/>\n\t<meta name=\"twitter:label2\" content=\"Dur\u00e9e de lecture estim\u00e9e\" \/>\n\t<meta name=\"twitter:data2\" content=\"4 minutes\" \/>\n<script type=\"application\/ld+json\" class=\"yoast-schema-graph\">{\"@context\":\"https:\/\/schema.org\",\"@graph\":[{\"@type\":\"Article\",\"@id\":\"https:\/\/www.nzzone.ch\/fr\/meet-the-team-beatrice-brandes\/#article\",\"isPartOf\":{\"@id\":\"https:\/\/www.nzzone.ch\/fr\/meet-the-team-beatrice-brandes\/\"},\"author\":{\"name\":\"Laura Mullis\",\"@id\":\"https:\/\/www.nzzone.ch\/#\/schema\/person\/8eeedecce5fb06fd7897f2b77b2dfebe\"},\"headline\":\"\u00abMeet the Team\u00bb: Beatrice Brandes\",\"datePublished\":\"2025-07-01T12:48:56+00:00\",\"dateModified\":\"2025-07-01T12:50:26+00:00\",\"mainEntityOfPage\":{\"@id\":\"https:\/\/www.nzzone.ch\/fr\/meet-the-team-beatrice-brandes\/\"},\"wordCount\":849,\"publisher\":{\"@id\":\"https:\/\/www.nzzone.ch\/#organization\"},\"image\":{\"@id\":\"https:\/\/www.nzzone.ch\/fr\/meet-the-team-beatrice-brandes\/#primaryimage\"},\"thumbnailUrl\":\"https:\/\/www.nzzone.ch\/wp-content\/uploads\/2025\/06\/Beatrice-Brandes.png\",\"articleSection\":[\"Blog\"],\"inLanguage\":\"fr-FR\"},{\"@type\":\"WebPage\",\"@id\":\"https:\/\/www.nzzone.ch\/fr\/meet-the-team-beatrice-brandes\/\",\"url\":\"https:\/\/www.nzzone.ch\/fr\/meet-the-team-beatrice-brandes\/\",\"name\":\"Fais connaissance avec Beatrice Brandes \u2013 NZZone\",\"isPartOf\":{\"@id\":\"https:\/\/www.nzzone.ch\/#website\"},\"primaryImageOfPage\":{\"@id\":\"https:\/\/www.nzzone.ch\/fr\/meet-the-team-beatrice-brandes\/#primaryimage\"},\"image\":{\"@id\":\"https:\/\/www.nzzone.ch\/fr\/meet-the-team-beatrice-brandes\/#primaryimage\"},\"thumbnailUrl\":\"https:\/\/www.nzzone.ch\/wp-content\/uploads\/2025\/06\/Beatrice-Brandes.png\",\"datePublished\":\"2025-07-01T12:48:56+00:00\",\"dateModified\":\"2025-07-01T12:50:26+00:00\",\"description\":\"Beatrice travaille depuis 40 ans pour la NZZ. Dans l'interview, elle parle du bon vieux temps et des raisons pour lesquelles elle est rest\u00e9e fid\u00e8le \u00e0 son employeur jusqu'\u00e0 aujourd'hui.\",\"breadcrumb\":{\"@id\":\"https:\/\/www.nzzone.ch\/fr\/meet-the-team-beatrice-brandes\/#breadcrumb\"},\"inLanguage\":\"fr-FR\",\"potentialAction\":[{\"@type\":\"ReadAction\",\"target\":[\"https:\/\/www.nzzone.ch\/fr\/meet-the-team-beatrice-brandes\/\"]}]},{\"@type\":\"ImageObject\",\"inLanguage\":\"fr-FR\",\"@id\":\"https:\/\/www.nzzone.ch\/fr\/meet-the-team-beatrice-brandes\/#primaryimage\",\"url\":\"https:\/\/www.nzzone.ch\/wp-content\/uploads\/2025\/06\/Beatrice-Brandes.png\",\"contentUrl\":\"https:\/\/www.nzzone.ch\/wp-content\/uploads\/2025\/06\/Beatrice-Brandes.png\",\"width\":1200,\"height\":628,\"caption\":\"Beatrice-Brandes\"},{\"@type\":\"BreadcrumbList\",\"@id\":\"https:\/\/www.nzzone.ch\/fr\/meet-the-team-beatrice-brandes\/#breadcrumb\",\"itemListElement\":[{\"@type\":\"ListItem\",\"position\":1,\"name\":\"Startseite\",\"item\":\"https:\/\/www.nzzone.ch\/fr\/\"},{\"@type\":\"ListItem\",\"position\":2,\"name\":\"\u00abMeet the Team\u00bb: Beatrice Brandes\"}]},{\"@type\":\"WebSite\",\"@id\":\"https:\/\/www.nzzone.ch\/#website\",\"url\":\"https:\/\/www.nzzone.ch\/\",\"name\":\"NZZone\",\"description\":\"premium \u2022 brand \u2022 advertising\",\"publisher\":{\"@id\":\"https:\/\/www.nzzone.ch\/#organization\"},\"potentialAction\":[{\"@type\":\"SearchAction\",\"target\":{\"@type\":\"EntryPoint\",\"urlTemplate\":\"https:\/\/www.nzzone.ch\/?s={search_term_string}\"},\"query-input\":{\"@type\":\"PropertyValueSpecification\",\"valueRequired\":true,\"valueName\":\"search_term_string\"}}],\"inLanguage\":\"fr-FR\"},{\"@type\":\"Organization\",\"@id\":\"https:\/\/www.nzzone.ch\/#organization\",\"name\":\"NZZone\",\"url\":\"https:\/\/www.nzzone.ch\/\",\"logo\":{\"@type\":\"ImageObject\",\"inLanguage\":\"fr-FR\",\"@id\":\"https:\/\/www.nzzone.ch\/#\/schema\/logo\/image\/\",\"url\":\"https:\/\/www.nzzone.ch\/wp-content\/uploads\/2024\/01\/cropped-NZZ-one-Logo.png\",\"contentUrl\":\"https:\/\/www.nzzone.ch\/wp-content\/uploads\/2024\/01\/cropped-NZZ-one-Logo.png\",\"width\":492,\"height\":135,\"caption\":\"NZZone\"},\"image\":{\"@id\":\"https:\/\/www.nzzone.ch\/#\/schema\/logo\/image\/\"}},{\"@type\":\"Person\",\"@id\":\"https:\/\/www.nzzone.ch\/#\/schema\/person\/8eeedecce5fb06fd7897f2b77b2dfebe\",\"name\":\"Laura Mullis\",\"url\":\"https:\/\/www.nzzone.ch\/fr\/author\/laura\/\"}]}<\/script>\n<!-- \/ Yoast SEO plugin. -->","yoast_head_json":{"title":"Fais connaissance avec Beatrice Brandes \u2013 NZZone","description":"Beatrice travaille depuis 40 ans pour la NZZ. Dans l'interview, elle parle du bon vieux temps et des raisons pour lesquelles elle est rest\u00e9e fid\u00e8le \u00e0 son employeur jusqu'\u00e0 aujourd'hui.","robots":{"index":"index","follow":"follow","max-snippet":"max-snippet:-1","max-image-preview":"max-image-preview:large","max-video-preview":"max-video-preview:-1"},"canonical":"https:\/\/www.nzzone.ch\/fr\/meet-the-team-beatrice-brandes\/","og_locale":"fr_FR","og_type":"article","og_title":"Fais connaissance avec Beatrice Brandes \u2013 NZZone","og_description":"Beatrice travaille depuis 40 ans pour la NZZ. Dans l'interview, elle parle du bon vieux temps et des raisons pour lesquelles elle est rest\u00e9e fid\u00e8le \u00e0 son employeur jusqu'\u00e0 aujourd'hui.","og_url":"https:\/\/www.nzzone.ch\/fr\/meet-the-team-beatrice-brandes\/","og_site_name":"NZZone","article_published_time":"2025-07-01T12:48:56+00:00","article_modified_time":"2025-07-01T12:50:26+00:00","og_image":[{"width":1200,"height":628,"url":"https:\/\/www.nzzone.ch\/wp-content\/uploads\/2025\/06\/Beatrice-Brandes.png","type":"image\/png"}],"author":"Laura Mullis","twitter_card":"summary_large_image","twitter_misc":{"\u00c9crit par":"Laura Mullis","Dur\u00e9e de lecture estim\u00e9e":"4 minutes"},"schema":{"@context":"https:\/\/schema.org","@graph":[{"@type":"Article","@id":"https:\/\/www.nzzone.ch\/fr\/meet-the-team-beatrice-brandes\/#article","isPartOf":{"@id":"https:\/\/www.nzzone.ch\/fr\/meet-the-team-beatrice-brandes\/"},"author":{"name":"Laura Mullis","@id":"https:\/\/www.nzzone.ch\/#\/schema\/person\/8eeedecce5fb06fd7897f2b77b2dfebe"},"headline":"\u00abMeet the Team\u00bb: Beatrice Brandes","datePublished":"2025-07-01T12:48:56+00:00","dateModified":"2025-07-01T12:50:26+00:00","mainEntityOfPage":{"@id":"https:\/\/www.nzzone.ch\/fr\/meet-the-team-beatrice-brandes\/"},"wordCount":849,"publisher":{"@id":"https:\/\/www.nzzone.ch\/#organization"},"image":{"@id":"https:\/\/www.nzzone.ch\/fr\/meet-the-team-beatrice-brandes\/#primaryimage"},"thumbnailUrl":"https:\/\/www.nzzone.ch\/wp-content\/uploads\/2025\/06\/Beatrice-Brandes.png","articleSection":["Blog"],"inLanguage":"fr-FR"},{"@type":"WebPage","@id":"https:\/\/www.nzzone.ch\/fr\/meet-the-team-beatrice-brandes\/","url":"https:\/\/www.nzzone.ch\/fr\/meet-the-team-beatrice-brandes\/","name":"Fais connaissance avec Beatrice Brandes \u2013 NZZone","isPartOf":{"@id":"https:\/\/www.nzzone.ch\/#website"},"primaryImageOfPage":{"@id":"https:\/\/www.nzzone.ch\/fr\/meet-the-team-beatrice-brandes\/#primaryimage"},"image":{"@id":"https:\/\/www.nzzone.ch\/fr\/meet-the-team-beatrice-brandes\/#primaryimage"},"thumbnailUrl":"https:\/\/www.nzzone.ch\/wp-content\/uploads\/2025\/06\/Beatrice-Brandes.png","datePublished":"2025-07-01T12:48:56+00:00","dateModified":"2025-07-01T12:50:26+00:00","description":"Beatrice travaille depuis 40 ans pour la NZZ. Dans l'interview, elle parle du bon vieux temps et des raisons pour lesquelles elle est rest\u00e9e fid\u00e8le \u00e0 son employeur jusqu'\u00e0 aujourd'hui.","breadcrumb":{"@id":"https:\/\/www.nzzone.ch\/fr\/meet-the-team-beatrice-brandes\/#breadcrumb"},"inLanguage":"fr-FR","potentialAction":[{"@type":"ReadAction","target":["https:\/\/www.nzzone.ch\/fr\/meet-the-team-beatrice-brandes\/"]}]},{"@type":"ImageObject","inLanguage":"fr-FR","@id":"https:\/\/www.nzzone.ch\/fr\/meet-the-team-beatrice-brandes\/#primaryimage","url":"https:\/\/www.nzzone.ch\/wp-content\/uploads\/2025\/06\/Beatrice-Brandes.png","contentUrl":"https:\/\/www.nzzone.ch\/wp-content\/uploads\/2025\/06\/Beatrice-Brandes.png","width":1200,"height":628,"caption":"Beatrice-Brandes"},{"@type":"BreadcrumbList","@id":"https:\/\/www.nzzone.ch\/fr\/meet-the-team-beatrice-brandes\/#breadcrumb","itemListElement":[{"@type":"ListItem","position":1,"name":"Startseite","item":"https:\/\/www.nzzone.ch\/fr\/"},{"@type":"ListItem","position":2,"name":"\u00abMeet the Team\u00bb: Beatrice Brandes"}]},{"@type":"WebSite","@id":"https:\/\/www.nzzone.ch\/#website","url":"https:\/\/www.nzzone.ch\/","name":"NZZone","description":"premium \u2022 brand \u2022 advertising","publisher":{"@id":"https:\/\/www.nzzone.ch\/#organization"},"potentialAction":[{"@type":"SearchAction","target":{"@type":"EntryPoint","urlTemplate":"https:\/\/www.nzzone.ch\/?s={search_term_string}"},"query-input":{"@type":"PropertyValueSpecification","valueRequired":true,"valueName":"search_term_string"}}],"inLanguage":"fr-FR"},{"@type":"Organization","@id":"https:\/\/www.nzzone.ch\/#organization","name":"NZZone","url":"https:\/\/www.nzzone.ch\/","logo":{"@type":"ImageObject","inLanguage":"fr-FR","@id":"https:\/\/www.nzzone.ch\/#\/schema\/logo\/image\/","url":"https:\/\/www.nzzone.ch\/wp-content\/uploads\/2024\/01\/cropped-NZZ-one-Logo.png","contentUrl":"https:\/\/www.nzzone.ch\/wp-content\/uploads\/2024\/01\/cropped-NZZ-one-Logo.png","width":492,"height":135,"caption":"NZZone"},"image":{"@id":"https:\/\/www.nzzone.ch\/#\/schema\/logo\/image\/"}},{"@type":"Person","@id":"https:\/\/www.nzzone.ch\/#\/schema\/person\/8eeedecce5fb06fd7897f2b77b2dfebe","name":"Laura Mullis","url":"https:\/\/www.nzzone.ch\/fr\/author\/laura\/"}]}},"_links":{"self":[{"href":"https:\/\/www.nzzone.ch\/fr\/wp-json\/wp\/v2\/posts\/34491","targetHints":{"allow":["GET"]}}],"collection":[{"href":"https:\/\/www.nzzone.ch\/fr\/wp-json\/wp\/v2\/posts"}],"about":[{"href":"https:\/\/www.nzzone.ch\/fr\/wp-json\/wp\/v2\/types\/post"}],"author":[{"embeddable":true,"href":"https:\/\/www.nzzone.ch\/fr\/wp-json\/wp\/v2\/users\/9"}],"replies":[{"embeddable":true,"href":"https:\/\/www.nzzone.ch\/fr\/wp-json\/wp\/v2\/comments?post=34491"}],"version-history":[{"count":7,"href":"https:\/\/www.nzzone.ch\/fr\/wp-json\/wp\/v2\/posts\/34491\/revisions"}],"predecessor-version":[{"id":34498,"href":"https:\/\/www.nzzone.ch\/fr\/wp-json\/wp\/v2\/posts\/34491\/revisions\/34498"}],"wp:featuredmedia":[{"embeddable":true,"href":"https:\/\/www.nzzone.ch\/fr\/wp-json\/wp\/v2\/media\/34447"}],"wp:attachment":[{"href":"https:\/\/www.nzzone.ch\/fr\/wp-json\/wp\/v2\/media?parent=34491"}],"wp:term":[{"taxonomy":"category","embeddable":true,"href":"https:\/\/www.nzzone.ch\/fr\/wp-json\/wp\/v2\/categories?post=34491"},{"taxonomy":"post_tag","embeddable":true,"href":"https:\/\/www.nzzone.ch\/fr\/wp-json\/wp\/v2\/tags?post=34491"}],"curies":[{"name":"wp","href":"https:\/\/api.w.org\/{rel}","templated":true}]}}