{"id":9741,"date":"2021-07-20T17:10:21","date_gmt":"2021-07-20T15:10:21","guid":{"rendered":"https:\/\/www.nzzone.ch\/?p=9741"},"modified":"2023-08-28T14:20:00","modified_gmt":"2023-08-28T12:20:00","slug":"etude-nzz-aupres-des-cadres-atteindre-les-decideurs-de-maniere-encore-plus-ciblee","status":"publish","type":"post","link":"https:\/\/www.nzzone.ch\/fr\/etude-nzz-aupres-des-cadres-atteindre-les-decideurs-de-maniere-encore-plus-ciblee\/","title":{"rendered":"\u00abEtude NZZ aupr\u00e8s des cadres\u00bb: atteindre les d\u00e9cideurs de mani\u00e8re encore plus cibl\u00e9e"},"content":{"rendered":"<p>[vc_row full_width=\u00a0\u00bbstretch_row\u00a0\u00bb css=\u00a0\u00bb.vc_custom_1613550599941{background-image: url(https:\/\/www.nzzone.ch\/wp-content\/uploads\/2021\/01\/bitmap.jpg?id=28) !important;background-position: center !important;background-repeat: no-repeat !important;background-size: cover !important;}\u00a0\u00bb][vc_column][vc_empty_space height=\u00a0\u00bb100px\u00a0\u00bb][vc_empty_space height=\u00a0\u00bb100px\u00a0\u00bb][\/vc_column][\/vc_row][vc_row][vc_column width=\u00a0\u00bb11\/12&Prime;][vc_column_text]<\/p>\n<h1>\u00abEtude NZZ aupr\u00e8s des cadres\u00bb: atteindre les d\u00e9cideurs de mani\u00e8re encore plus cibl\u00e9e<\/h1>\n<p>[\/vc_column_text][vc_column_text]Qu\u2019en est-il de l\u2019utilisation des m\u00e9dias, du pouvoir d\u2019achat ou des habitudes de consommation des cadres?<br \/>\nLa nouvelle \u00e9tude r\u00e9alis\u00e9e par la soci\u00e9t\u00e9 REMP Recherches et Etudes des M\u00e9dias Publicitaires pour le compte de la NZZ r\u00e9pond \u00e0 ces questions.[\/vc_column_text][vc_single_image image=\u00a0\u00bb9568&Prime; img_size=\u00a0\u00bbfull\u00a0\u00bb][\/vc_column][vc_column width=\u00a0\u00bb1\/12&Prime;][\/vc_column][\/vc_row][vc_row][vc_column width=\u00a0\u00bb1\/5&Prime;][\/vc_column][vc_column width=\u00a0\u00bb2\/3&Prime;][vc_separator color=\u00a0\u00bbcustom\u00a0\u00bb align=\u00a0\u00bbalign_left\u00a0\u00bb el_width=\u00a0\u00bb10&Prime; accent_color=\u00a0\u00bb#a36552&Prime;][vc_column_text]<strong>Etude repr\u00e9sentative de la REMP<\/strong><\/p>\n<p>L\u2019\u00e9tude NZZ aupr\u00e8s des cadres, r\u00e9alis\u00e9e par la soci\u00e9t\u00e9 REMP Recherches et Etude des M\u00e9dias Publicitaires pour le compte de l\u2019entreprise NZZ, est neutre et informe sur onze titres de m\u00e9dias suisses. Pour cela, 2 089 cadres de Suisse al\u00e9manique avec un revenu annuel \u00e0 partir de 100 001 francs ont \u00e9t\u00e9 interrog\u00e9s. Le questionnaire est inspir\u00e9 de l\u2019ancienne \u00e9tude \u00abMA Leader\u00bb.[\/vc_column_text][vc_empty_space][vc_column_text]<strong>Pourquoi \u00abseulement\u00bb les cadres?<\/strong><\/p>\n<p>Les d\u00e9cideurs sont un groupe cible difficilement accessible. Il existe pratiquement aucune donn\u00e9e sur leurs habitudes de consommation ou sur leurs caract\u00e9ristiques sociod\u00e9mographiques. C\u2019est pourquoi nous nous sommes donn\u00e9s pour mission de repr\u00e9senter et de structurer leurs comportements d\u2019information sur la finance, l\u2019immobilier et la consommation en g\u00e9n\u00e9ral. Cela permettra en particulier de mieux placer les campagnes dans le segment B2B avec le moins de perte de diffusion possible.[\/vc_column_text][vc_empty_space][vc_column_text]<strong>NZZ en t\u00eate du segment Premium<\/strong><\/p>\n<p>Nos m\u00e9dias sont manifestement synonyme de journalisme de qualit\u00e9. Nous sommes donc tr\u00e8s heureux des bons r\u00e9sultats de la \u00abNeue Z\u00fcrcher Zeitung\u00bb et de la \u00abNZZ am Sonntag\u00bb.<br \/>\nCeux-ci confirment nos valeurs obtenues dans le cadre d\u2019enqu\u00eates ant\u00e9rieures sur le lectorat dans le segment Premium.<\/p>\n<p>64\u00a0000 cadres, soit un peu moins d\u2019un tiers des lectrices et lecteurs de la \u00abNeue Z\u00fcrcher Zeitung\u00bb, appartiennent au groupe des leaders. Concernant la \u00abNZZ am Sonntag\u00bb, ils sont m\u00eame 82\u00a0000, ce qui correspond \u00e0 presque un quart, soit la valeur la plus \u00e9lev\u00e9e parmi les titres du dimanche.<\/p>\n<p>Le prix par mille lecteurs pour chaque d\u00e9cideur est de 88 francs pour la \u00abNeue Z\u00fcrcher Zeitung\u00bb et de 145 francs pour la \u00abNZZ am Sonntag\u00bb. Nos m\u00e9dias offrent donc des conditions tr\u00e8s int\u00e9ressantes pour aborder ce groupe cible.[\/vc_column_text][vc_single_image image=\u00a0\u00bb9716&Prime; img_size=\u00a0\u00bbfull\u00a0\u00bb][vc_column_text]\u00abCette \u00e9tude souligne de mani\u00e8re impressionnante que les personnes qui souhaitent placer leur message dans un environnement de confiance et s\u2019adresser \u00e0 un public \u00e0 fort pouvoir d\u2019achat et attrayant sont chez nous \u00e0 la bonne adresse\u00bb, a r\u00e9cemment expliqu\u00e9 Adrian N\u00e4f, Business Director NZZone, <a href=\"https:\/\/www.persoenlich.com\/marketing\/bei-uns-wird-nicht-hektisch-umgeblattert\">dans une interview<\/a> avec persoenlich.com[\/vc_column_text][vc_column_text]<strong>La derni\u00e8re \u00abEtude NZZ aupr\u00e8s des cadres\u00bb est \u00e0 ta disposition!<\/strong><\/p>\n<p>Tu trouveras dans notre carnet les principales conclusions de cette enqu\u00eate, pr\u00e9sent\u00e9es sous forme graphique et expliqu\u00e9es de mani\u00e8re cibl\u00e9e. Pour acc\u00e9der au t\u00e9l\u00e9chargement, il suffit de cliquer <a href=\"https:\/\/www.nzzone.ch\/fr\/etude-nzz-fuehrungskraeftestudie\/\" target=\"_blank\" rel=\"noopener\">ici<\/a>.[\/vc_column_text][vc_row_inner][vc_column_inner width=\u00a0\u00bb1\/3&Prime;][vc_single_image image=\u00a0\u00bb19406&Prime; img_size=\u00a0\u00bbmedium\u00a0\u00bb][\/vc_column_inner][vc_column_inner width=\u00a0\u00bb1\/3&Prime;][vc_column_text]Stefanie Hitz<br \/>\nMarketing Manager<br \/>\nStrategy &amp; Research[\/vc_column_text][\/vc_column_inner][vc_column_inner width=\u00a0\u00bb1\/3&Prime;][\/vc_column_inner][\/vc_row_inner][\/vc_column][\/vc_row][vc_row][vc_column][\/vc_column][\/vc_row]<\/p>\n","protected":false},"excerpt":{"rendered":"<p>Qu\u2019en est-il de l\u2019utilisation des m\u00e9dias, du pouvoir d\u2019achat ou des habitudes de consommation des cadres? L&rsquo;\u00e9tude actuelle apporte des r\u00e9ponses \u00e0 ces questions.<\/p>\n","protected":false},"author":9,"featured_media":9570,"comment_status":"closed","ping_status":"open","sticky":false,"template":"","format":"standard","meta":{"_acf_changed":false,"content-type":"","footnotes":""},"categories":[75],"tags":[],"class_list":["post-9741","post","type-post","status-publish","format-standard","hentry","category-blog-fr"],"acf":[],"yoast_head":"<!-- This site is optimized with the Yoast SEO plugin v24.4 - https:\/\/yoast.com\/wordpress\/plugins\/seo\/ -->\n<title>R\u00e9sultats de l\u2019\u00e9tude sur les cadres du NZZ \u2013 NZZone<\/title>\n<meta name=\"description\" content=\"Nous avons synth\u00e9tis\u00e9 les r\u00e9sultats de l\u2019\u00e9tude sur les cadres du NZZ pour toi. Dans notre blog, tu trouveras de pr\u00e9cieuses informations. Clique ici.\" \/>\n<meta name=\"robots\" content=\"index, follow, max-snippet:-1, max-image-preview:large, max-video-preview:-1\" \/>\n<link rel=\"canonical\" href=\"https:\/\/www.nzzone.ch\/nzz-fuehrungskraeftestudie-entscheider-noch-gezielter-erreichen\/\" \/>\n<meta property=\"og:locale\" content=\"fr_FR\" \/>\n<meta property=\"og:type\" content=\"article\" \/>\n<meta property=\"og:title\" content=\"R\u00e9sultats de l\u2019\u00e9tude sur les cadres du NZZ \u2013 NZZone\" \/>\n<meta property=\"og:description\" content=\"Nous avons synth\u00e9tis\u00e9 les r\u00e9sultats de l\u2019\u00e9tude sur les cadres du NZZ pour toi. Dans notre blog, tu trouveras de pr\u00e9cieuses informations. Clique ici.\" \/>\n<meta property=\"og:url\" content=\"https:\/\/www.nzzone.ch\/nzz-fuehrungskraeftestudie-entscheider-noch-gezielter-erreichen\/\" \/>\n<meta property=\"og:site_name\" content=\"NZZone\" \/>\n<meta property=\"article:published_time\" content=\"2021-07-20T15:10:21+00:00\" \/>\n<meta property=\"article:modified_time\" content=\"2023-08-28T12:20:00+00:00\" \/>\n<meta property=\"og:image\" content=\"https:\/\/www.nzzone.ch\/wp-content\/uploads\/2021\/07\/Fuehrungskraefte_studie_2021_Booklet.png\" \/>\n\t<meta property=\"og:image:width\" content=\"1024\" \/>\n\t<meta property=\"og:image:height\" content=\"694\" \/>\n\t<meta property=\"og:image:type\" content=\"image\/png\" \/>\n<meta name=\"author\" content=\"Laura Mullis\" \/>\n<meta name=\"twitter:card\" content=\"summary_large_image\" \/>\n<meta name=\"twitter:label1\" content=\"\u00c9crit par\" \/>\n\t<meta name=\"twitter:data1\" content=\"Laura Mullis\" \/>\n\t<meta name=\"twitter:label2\" content=\"Dur\u00e9e de lecture estim\u00e9e\" \/>\n\t<meta name=\"twitter:data2\" content=\"3 minutes\" \/>\n<script type=\"application\/ld+json\" class=\"yoast-schema-graph\">{\"@context\":\"https:\/\/schema.org\",\"@graph\":[{\"@type\":\"Article\",\"@id\":\"https:\/\/www.nzzone.ch\/nzz-fuehrungskraeftestudie-entscheider-noch-gezielter-erreichen\/#article\",\"isPartOf\":{\"@id\":\"https:\/\/www.nzzone.ch\/nzz-fuehrungskraeftestudie-entscheider-noch-gezielter-erreichen\/\"},\"author\":{\"name\":\"Laura Mullis\",\"@id\":\"https:\/\/www.nzzone.ch\/#\/schema\/person\/8eeedecce5fb06fd7897f2b77b2dfebe\"},\"headline\":\"\u00abEtude NZZ aupr\u00e8s des cadres\u00bb: atteindre les d\u00e9cideurs de mani\u00e8re encore plus cibl\u00e9e\",\"datePublished\":\"2021-07-20T15:10:21+00:00\",\"dateModified\":\"2023-08-28T12:20:00+00:00\",\"mainEntityOfPage\":{\"@id\":\"https:\/\/www.nzzone.ch\/nzz-fuehrungskraeftestudie-entscheider-noch-gezielter-erreichen\/\"},\"wordCount\":698,\"publisher\":{\"@id\":\"https:\/\/www.nzzone.ch\/#organization\"},\"image\":{\"@id\":\"https:\/\/www.nzzone.ch\/nzz-fuehrungskraeftestudie-entscheider-noch-gezielter-erreichen\/#primaryimage\"},\"thumbnailUrl\":\"https:\/\/www.nzzone.ch\/wp-content\/uploads\/2021\/07\/Fuehrungskraefte_studie_2021_Booklet.png\",\"articleSection\":[\"Blog\"],\"inLanguage\":\"fr-FR\"},{\"@type\":\"WebPage\",\"@id\":\"https:\/\/www.nzzone.ch\/nzz-fuehrungskraeftestudie-entscheider-noch-gezielter-erreichen\/\",\"url\":\"https:\/\/www.nzzone.ch\/nzz-fuehrungskraeftestudie-entscheider-noch-gezielter-erreichen\/\",\"name\":\"R\u00e9sultats de l\u2019\u00e9tude sur les cadres du NZZ \u2013 NZZone\",\"isPartOf\":{\"@id\":\"https:\/\/www.nzzone.ch\/#website\"},\"primaryImageOfPage\":{\"@id\":\"https:\/\/www.nzzone.ch\/nzz-fuehrungskraeftestudie-entscheider-noch-gezielter-erreichen\/#primaryimage\"},\"image\":{\"@id\":\"https:\/\/www.nzzone.ch\/nzz-fuehrungskraeftestudie-entscheider-noch-gezielter-erreichen\/#primaryimage\"},\"thumbnailUrl\":\"https:\/\/www.nzzone.ch\/wp-content\/uploads\/2021\/07\/Fuehrungskraefte_studie_2021_Booklet.png\",\"datePublished\":\"2021-07-20T15:10:21+00:00\",\"dateModified\":\"2023-08-28T12:20:00+00:00\",\"description\":\"Nous avons synth\u00e9tis\u00e9 les r\u00e9sultats de l\u2019\u00e9tude sur les cadres du NZZ pour toi. Dans notre blog, tu trouveras de pr\u00e9cieuses informations. Clique ici.\",\"breadcrumb\":{\"@id\":\"https:\/\/www.nzzone.ch\/nzz-fuehrungskraeftestudie-entscheider-noch-gezielter-erreichen\/#breadcrumb\"},\"inLanguage\":\"fr-FR\",\"potentialAction\":[{\"@type\":\"ReadAction\",\"target\":[\"https:\/\/www.nzzone.ch\/nzz-fuehrungskraeftestudie-entscheider-noch-gezielter-erreichen\/\"]}]},{\"@type\":\"ImageObject\",\"inLanguage\":\"fr-FR\",\"@id\":\"https:\/\/www.nzzone.ch\/nzz-fuehrungskraeftestudie-entscheider-noch-gezielter-erreichen\/#primaryimage\",\"url\":\"https:\/\/www.nzzone.ch\/wp-content\/uploads\/2021\/07\/Fuehrungskraefte_studie_2021_Booklet.png\",\"contentUrl\":\"https:\/\/www.nzzone.ch\/wp-content\/uploads\/2021\/07\/Fuehrungskraefte_studie_2021_Booklet.png\",\"width\":1024,\"height\":694},{\"@type\":\"BreadcrumbList\",\"@id\":\"https:\/\/www.nzzone.ch\/nzz-fuehrungskraeftestudie-entscheider-noch-gezielter-erreichen\/#breadcrumb\",\"itemListElement\":[{\"@type\":\"ListItem\",\"position\":1,\"name\":\"Startseite\",\"item\":\"https:\/\/www.nzzone.ch\/fr\/\"},{\"@type\":\"ListItem\",\"position\":2,\"name\":\"\u00abEtude NZZ aupr\u00e8s des cadres\u00bb: atteindre les d\u00e9cideurs de mani\u00e8re encore plus cibl\u00e9e\"}]},{\"@type\":\"WebSite\",\"@id\":\"https:\/\/www.nzzone.ch\/#website\",\"url\":\"https:\/\/www.nzzone.ch\/\",\"name\":\"NZZone\",\"description\":\"premium \u2022 brand \u2022 advertising\",\"publisher\":{\"@id\":\"https:\/\/www.nzzone.ch\/#organization\"},\"potentialAction\":[{\"@type\":\"SearchAction\",\"target\":{\"@type\":\"EntryPoint\",\"urlTemplate\":\"https:\/\/www.nzzone.ch\/?s={search_term_string}\"},\"query-input\":{\"@type\":\"PropertyValueSpecification\",\"valueRequired\":true,\"valueName\":\"search_term_string\"}}],\"inLanguage\":\"fr-FR\"},{\"@type\":\"Organization\",\"@id\":\"https:\/\/www.nzzone.ch\/#organization\",\"name\":\"NZZone\",\"url\":\"https:\/\/www.nzzone.ch\/\",\"logo\":{\"@type\":\"ImageObject\",\"inLanguage\":\"fr-FR\",\"@id\":\"https:\/\/www.nzzone.ch\/#\/schema\/logo\/image\/\",\"url\":\"https:\/\/www.nzzone.ch\/wp-content\/uploads\/2024\/01\/cropped-NZZ-one-Logo.png\",\"contentUrl\":\"https:\/\/www.nzzone.ch\/wp-content\/uploads\/2024\/01\/cropped-NZZ-one-Logo.png\",\"width\":492,\"height\":135,\"caption\":\"NZZone\"},\"image\":{\"@id\":\"https:\/\/www.nzzone.ch\/#\/schema\/logo\/image\/\"}},{\"@type\":\"Person\",\"@id\":\"https:\/\/www.nzzone.ch\/#\/schema\/person\/8eeedecce5fb06fd7897f2b77b2dfebe\",\"name\":\"Laura Mullis\",\"url\":\"https:\/\/www.nzzone.ch\/fr\/author\/laura\/\"}]}<\/script>\n<!-- \/ Yoast SEO plugin. -->","yoast_head_json":{"title":"R\u00e9sultats de l\u2019\u00e9tude sur les cadres du NZZ \u2013 NZZone","description":"Nous avons synth\u00e9tis\u00e9 les r\u00e9sultats de l\u2019\u00e9tude sur les cadres du NZZ pour toi. Dans notre blog, tu trouveras de pr\u00e9cieuses informations. Clique ici.","robots":{"index":"index","follow":"follow","max-snippet":"max-snippet:-1","max-image-preview":"max-image-preview:large","max-video-preview":"max-video-preview:-1"},"canonical":"https:\/\/www.nzzone.ch\/nzz-fuehrungskraeftestudie-entscheider-noch-gezielter-erreichen\/","og_locale":"fr_FR","og_type":"article","og_title":"R\u00e9sultats de l\u2019\u00e9tude sur les cadres du NZZ \u2013 NZZone","og_description":"Nous avons synth\u00e9tis\u00e9 les r\u00e9sultats de l\u2019\u00e9tude sur les cadres du NZZ pour toi. Dans notre blog, tu trouveras de pr\u00e9cieuses informations. Clique ici.","og_url":"https:\/\/www.nzzone.ch\/nzz-fuehrungskraeftestudie-entscheider-noch-gezielter-erreichen\/","og_site_name":"NZZone","article_published_time":"2021-07-20T15:10:21+00:00","article_modified_time":"2023-08-28T12:20:00+00:00","og_image":[{"width":1024,"height":694,"url":"https:\/\/www.nzzone.ch\/wp-content\/uploads\/2021\/07\/Fuehrungskraefte_studie_2021_Booklet.png","type":"image\/png"}],"author":"Laura Mullis","twitter_card":"summary_large_image","twitter_misc":{"\u00c9crit par":"Laura Mullis","Dur\u00e9e de lecture estim\u00e9e":"3 minutes"},"schema":{"@context":"https:\/\/schema.org","@graph":[{"@type":"Article","@id":"https:\/\/www.nzzone.ch\/nzz-fuehrungskraeftestudie-entscheider-noch-gezielter-erreichen\/#article","isPartOf":{"@id":"https:\/\/www.nzzone.ch\/nzz-fuehrungskraeftestudie-entscheider-noch-gezielter-erreichen\/"},"author":{"name":"Laura Mullis","@id":"https:\/\/www.nzzone.ch\/#\/schema\/person\/8eeedecce5fb06fd7897f2b77b2dfebe"},"headline":"\u00abEtude NZZ aupr\u00e8s des cadres\u00bb: atteindre les d\u00e9cideurs de mani\u00e8re encore plus cibl\u00e9e","datePublished":"2021-07-20T15:10:21+00:00","dateModified":"2023-08-28T12:20:00+00:00","mainEntityOfPage":{"@id":"https:\/\/www.nzzone.ch\/nzz-fuehrungskraeftestudie-entscheider-noch-gezielter-erreichen\/"},"wordCount":698,"publisher":{"@id":"https:\/\/www.nzzone.ch\/#organization"},"image":{"@id":"https:\/\/www.nzzone.ch\/nzz-fuehrungskraeftestudie-entscheider-noch-gezielter-erreichen\/#primaryimage"},"thumbnailUrl":"https:\/\/www.nzzone.ch\/wp-content\/uploads\/2021\/07\/Fuehrungskraefte_studie_2021_Booklet.png","articleSection":["Blog"],"inLanguage":"fr-FR"},{"@type":"WebPage","@id":"https:\/\/www.nzzone.ch\/nzz-fuehrungskraeftestudie-entscheider-noch-gezielter-erreichen\/","url":"https:\/\/www.nzzone.ch\/nzz-fuehrungskraeftestudie-entscheider-noch-gezielter-erreichen\/","name":"R\u00e9sultats de l\u2019\u00e9tude sur les cadres du NZZ \u2013 NZZone","isPartOf":{"@id":"https:\/\/www.nzzone.ch\/#website"},"primaryImageOfPage":{"@id":"https:\/\/www.nzzone.ch\/nzz-fuehrungskraeftestudie-entscheider-noch-gezielter-erreichen\/#primaryimage"},"image":{"@id":"https:\/\/www.nzzone.ch\/nzz-fuehrungskraeftestudie-entscheider-noch-gezielter-erreichen\/#primaryimage"},"thumbnailUrl":"https:\/\/www.nzzone.ch\/wp-content\/uploads\/2021\/07\/Fuehrungskraefte_studie_2021_Booklet.png","datePublished":"2021-07-20T15:10:21+00:00","dateModified":"2023-08-28T12:20:00+00:00","description":"Nous avons synth\u00e9tis\u00e9 les r\u00e9sultats de l\u2019\u00e9tude sur les cadres du NZZ pour toi. Dans notre blog, tu trouveras de pr\u00e9cieuses informations. Clique ici.","breadcrumb":{"@id":"https:\/\/www.nzzone.ch\/nzz-fuehrungskraeftestudie-entscheider-noch-gezielter-erreichen\/#breadcrumb"},"inLanguage":"fr-FR","potentialAction":[{"@type":"ReadAction","target":["https:\/\/www.nzzone.ch\/nzz-fuehrungskraeftestudie-entscheider-noch-gezielter-erreichen\/"]}]},{"@type":"ImageObject","inLanguage":"fr-FR","@id":"https:\/\/www.nzzone.ch\/nzz-fuehrungskraeftestudie-entscheider-noch-gezielter-erreichen\/#primaryimage","url":"https:\/\/www.nzzone.ch\/wp-content\/uploads\/2021\/07\/Fuehrungskraefte_studie_2021_Booklet.png","contentUrl":"https:\/\/www.nzzone.ch\/wp-content\/uploads\/2021\/07\/Fuehrungskraefte_studie_2021_Booklet.png","width":1024,"height":694},{"@type":"BreadcrumbList","@id":"https:\/\/www.nzzone.ch\/nzz-fuehrungskraeftestudie-entscheider-noch-gezielter-erreichen\/#breadcrumb","itemListElement":[{"@type":"ListItem","position":1,"name":"Startseite","item":"https:\/\/www.nzzone.ch\/fr\/"},{"@type":"ListItem","position":2,"name":"\u00abEtude NZZ aupr\u00e8s des cadres\u00bb: atteindre les d\u00e9cideurs de mani\u00e8re encore plus cibl\u00e9e"}]},{"@type":"WebSite","@id":"https:\/\/www.nzzone.ch\/#website","url":"https:\/\/www.nzzone.ch\/","name":"NZZone","description":"premium \u2022 brand \u2022 advertising","publisher":{"@id":"https:\/\/www.nzzone.ch\/#organization"},"potentialAction":[{"@type":"SearchAction","target":{"@type":"EntryPoint","urlTemplate":"https:\/\/www.nzzone.ch\/?s={search_term_string}"},"query-input":{"@type":"PropertyValueSpecification","valueRequired":true,"valueName":"search_term_string"}}],"inLanguage":"fr-FR"},{"@type":"Organization","@id":"https:\/\/www.nzzone.ch\/#organization","name":"NZZone","url":"https:\/\/www.nzzone.ch\/","logo":{"@type":"ImageObject","inLanguage":"fr-FR","@id":"https:\/\/www.nzzone.ch\/#\/schema\/logo\/image\/","url":"https:\/\/www.nzzone.ch\/wp-content\/uploads\/2024\/01\/cropped-NZZ-one-Logo.png","contentUrl":"https:\/\/www.nzzone.ch\/wp-content\/uploads\/2024\/01\/cropped-NZZ-one-Logo.png","width":492,"height":135,"caption":"NZZone"},"image":{"@id":"https:\/\/www.nzzone.ch\/#\/schema\/logo\/image\/"}},{"@type":"Person","@id":"https:\/\/www.nzzone.ch\/#\/schema\/person\/8eeedecce5fb06fd7897f2b77b2dfebe","name":"Laura Mullis","url":"https:\/\/www.nzzone.ch\/fr\/author\/laura\/"}]}},"_links":{"self":[{"href":"https:\/\/www.nzzone.ch\/fr\/wp-json\/wp\/v2\/posts\/9741","targetHints":{"allow":["GET"]}}],"collection":[{"href":"https:\/\/www.nzzone.ch\/fr\/wp-json\/wp\/v2\/posts"}],"about":[{"href":"https:\/\/www.nzzone.ch\/fr\/wp-json\/wp\/v2\/types\/post"}],"author":[{"embeddable":true,"href":"https:\/\/www.nzzone.ch\/fr\/wp-json\/wp\/v2\/users\/9"}],"replies":[{"embeddable":true,"href":"https:\/\/www.nzzone.ch\/fr\/wp-json\/wp\/v2\/comments?post=9741"}],"version-history":[{"count":8,"href":"https:\/\/www.nzzone.ch\/fr\/wp-json\/wp\/v2\/posts\/9741\/revisions"}],"predecessor-version":[{"id":21666,"href":"https:\/\/www.nzzone.ch\/fr\/wp-json\/wp\/v2\/posts\/9741\/revisions\/21666"}],"wp:featuredmedia":[{"embeddable":true,"href":"https:\/\/www.nzzone.ch\/fr\/wp-json\/wp\/v2\/media\/9570"}],"wp:attachment":[{"href":"https:\/\/www.nzzone.ch\/fr\/wp-json\/wp\/v2\/media?parent=9741"}],"wp:term":[{"taxonomy":"category","embeddable":true,"href":"https:\/\/www.nzzone.ch\/fr\/wp-json\/wp\/v2\/categories?post=9741"},{"taxonomy":"post_tag","embeddable":true,"href":"https:\/\/www.nzzone.ch\/fr\/wp-json\/wp\/v2\/tags?post=9741"}],"curies":[{"name":"wp","href":"https:\/\/api.w.org\/{rel}","templated":true}]}}